{"id":9840,"date":"2022-08-05T00:00:12","date_gmt":"2022-08-05T02:00:12","guid":{"rendered":"https:\/\/ultimato.com.br\/sites\/devocional-diaria\/?p=9840"},"modified":"2022-08-01T13:58:02","modified_gmt":"2022-08-01T15:58:02","slug":"olhos-fixos-em-jesus","status":"publish","type":"post","link":"https:\/\/ultimato.com.br\/sites\/devocional-diaria\/2022\/08\/05\/autor\/elben-cesar\/olhos-fixos-em-jesus\/","title":{"rendered":"Olhos fixos em Jesus"},"content":{"rendered":"<p>Foi o poder do nome de Jesus que deu for\u00e7as a este homem. (3.16)\u00a0O certo n\u00e3o \u00e9 olhar firmemente para Pedro e Jo\u00e3o ou para qualquer outro\u00a0instrumento nas m\u00e3os do Senhor. O certo n\u00e3o \u00e9 olhar para Apolo ou Paulo,\u00a0que s\u00e3o \u201csomente servidores de Deus\u201d (1Co 3.5). O certo \u00e9 olhar exclusivamente\u00a0para a cobra de bronze pregada no alto de um poste (Nm 21.9).\u00a0O certo \u00e9 olhar exclusivamente para o Cordeiro de Deus pregado no alto\u00a0da cruz (Jo 3.1-15). O certo \u00e9 olhar exclusivamente para o t\u00famulo vazio. O\u00a0certo \u00e9 olhar exclusivamente para aquele que est\u00e1 sendo elevado \u00e0s alturas\u00a0para sentar-se ao lado direito de Deus. O certo \u00e9 colocar e conservar os olhos\u00a0fixos em Jesus, \u201cautor e consumador de nossa f\u00e9\u201d (Hb 12.2, NVI).<\/p>\n<p>Assim como a luz da lua depende da luz do sol, o poder de Pedro depende\u00a0do poder de Deus. Sabendo disso com absoluta certeza, o ap\u00f3stolo\u00a0ordenou ao coxo de nascen\u00e7a: \u201cPelo poder do nome de Jesus Cristo, de\u00a0Nazar\u00e9, levante-se e ande\u201d (3.6). Afinal, foi o Pai que p\u00f4s no Filho \u201co mais\u00a0importante de todos os nomes\u201d (Fp 2.9). Jesus \u00e9 o foco de todo olhar, de\u00a0toda aten\u00e7\u00e3o, de toda esperan\u00e7a.<\/p>\n<p>As ep\u00edstolas de Paulo est\u00e3o cheias da express\u00e3o \u201cpor meio de Jesus\u201d.\u00a0Somente no primeiro cap\u00edtulo da carta aos Colossenses, esta frase aparece\u00a0cinco vezes: \u201c\u00c9 <em>por meio dele <\/em>que nossos pecados s\u00e3o perdoados\u201d (v.14); \u201c<em>por\u00a0meio dele<\/em>, Deus criou tudo, no c\u00e9u e na terra\u201d; \u201cpor meio dele e para ele,\u00a0Deus criou todo o Universo\u201d (v.16); \u201c<em>por meio do Filho<\/em>, Deus resolveu trazer\u00a0o Universo de volta a si mesmo\u201d (v. 20); e \u201c<em>por meio da morte de seu Filho <\/em>na\u00a0cruz, Deus fez com que voc\u00eas ficassem seus amigos a fim de traz\u00ea-los \u00e0 sua\u00a0presen\u00e7a para serem somente dele, n\u00e3o tendo mancha nem culpa\u201d (v. 22).<strong>\u00a0<\/strong><\/p>\n<p><strong>\u00a0<\/strong><\/p>\n<p><strong>&gt;&gt; Retirado de\u00a0<em><a href=\"https:\/\/www.ultimato.com.br\/loja\/produtos\/refeicoes-diarias\">Refei\u00e7\u00f5es Di\u00e1rias \u2013 no partir do p\u00e3o e na ora\u00e7\u00e3o<\/a><\/em> [Elben C\u00e9sar]. Editora Ultimato.<\/strong><strong>\u00a0<\/strong><\/p>\n<p>Ou\u00e7a as nossas devocionais pelo <a href=\"https:\/\/open.spotify.com\/show\/7CG8DL9dgWZEgPzX3rnk51?si=1dbGejI2TQS16eamNjb2rA\">Spotify<\/a>!<\/p>\n","protected":false},"excerpt":{"rendered":"<p>Foi o poder do nome de Jesus que deu for\u00e7as a este homem. (3.16)\u00a0O certo n\u00e3o \u00e9 olhar firmemente para Pedro e Jo\u00e3o ou para qualquer outro\u00a0instrumento nas m\u00e3os do Senhor. O certo n\u00e3o \u00e9 olhar para Apolo ou Paulo,\u00a0que s\u00e3o \u201csomente servidores de Deus\u201d (1Co 3.5). O certo \u00e9 olhar exclusivamente\u00a0para a cobra de [&hellip;]<\/p>\n","protected":false},"author":21,"featured_media":161,"comment_status":"open","ping_status":"open","sticky":false,"template":"","format":"standard","meta":{"ngg_post_thumbnail":0,"footnotes":""},"categories":[5478],"tags":[],"class_list":["post-9840","post","type-post","status-publish","format-standard","has-post-thumbnail","hentry","category-elben-cesar"],"publishpress_future_action":{"enabled":false,"date":"2026-05-05 01:11:33","action":"change-status","newStatus":"draft","terms":[],"taxonomy":"category","extraData":[]},"publishpress_future_workflow_manual_trigger":{"enabledWorkflows":[]},"_links":{"self":[{"href":"https:\/\/ultimato.com.br\/sites\/devocional-diaria\/wp-json\/wp\/v2\/posts\/9840","targetHints":{"allow":["GET"]}}],"collection":[{"href":"https:\/\/ultimato.com.br\/sites\/devocional-diaria\/wp-json\/wp\/v2\/posts"}],"about":[{"href":"https:\/\/ultimato.com.br\/sites\/devocional-diaria\/wp-json\/wp\/v2\/types\/post"}],"author":[{"embeddable":true,"href":"https:\/\/ultimato.com.br\/sites\/devocional-diaria\/wp-json\/wp\/v2\/users\/21"}],"replies":[{"embeddable":true,"href":"https:\/\/ultimato.com.br\/sites\/devocional-diaria\/wp-json\/wp\/v2\/comments?post=9840"}],"version-history":[{"count":1,"href":"https:\/\/ultimato.com.br\/sites\/devocional-diaria\/wp-json\/wp\/v2\/posts\/9840\/revisions"}],"predecessor-version":[{"id":9841,"href":"https:\/\/ultimato.com.br\/sites\/devocional-diaria\/wp-json\/wp\/v2\/posts\/9840\/revisions\/9841"}],"wp:featuredmedia":[{"embeddable":true,"href":"https:\/\/ultimato.com.br\/sites\/devocional-diaria\/wp-json\/wp\/v2\/media\/161"}],"wp:attachment":[{"href":"https:\/\/ultimato.com.br\/sites\/devocional-diaria\/wp-json\/wp\/v2\/media?parent=9840"}],"wp:term":[{"taxonomy":"category","embeddable":true,"href":"https:\/\/ultimato.com.br\/sites\/devocional-diaria\/wp-json\/wp\/v2\/categories?post=9840"},{"taxonomy":"post_tag","embeddable":true,"href":"https:\/\/ultimato.com.br\/sites\/devocional-diaria\/wp-json\/wp\/v2\/tags?post=9840"}],"curies":[{"name":"wp","href":"https:\/\/api.w.org\/{rel}","templated":true}]}}