{"id":9838,"date":"2022-08-04T00:00:09","date_gmt":"2022-08-04T02:00:09","guid":{"rendered":"https:\/\/ultimato.com.br\/sites\/devocional-diaria\/?p=9838"},"modified":"2022-07-29T09:59:02","modified_gmt":"2022-07-29T11:59:02","slug":"visao-3","status":"publish","type":"post","link":"https:\/\/ultimato.com.br\/sites\/devocional-diaria\/2022\/08\/04\/erlo-saul-aurich\/visao-3\/","title":{"rendered":"Vis\u00e3o"},"content":{"rendered":"<p>Mas, como eu lhes disse, voc\u00eas me viram, mas ainda n\u00e3o creem. (Jo\u00e3o 6.36)<\/p>\n<p>O pr\u00f3prio Deus caminha em meio a sua humanidade e por ela n\u00e3o \u00e9 reconhecido! \u00c9 s\u00f3 mais um galileu, um nazareno com arroubos de grandeza. O filho de Jos\u00e9 com crise de megalomania. Mais um desses falsos messias que a toda hora aparece. E seguem-no cegos. N\u00e3o o veem. N\u00e3o creem nele. N\u00e3o v\u00e3o a Jesus para terem vis\u00e3o de verdade, vida verdadeira. E Jesus segue seu caminho. E multid\u00f5es ainda o seguem sem v\u00ea-lo.<\/p>\n<p>O que falta para vermos a Jesus? Em seu tempo terreno, Jesus foi visto, tocado, ouvido, contudo pouco conhecido e aceito. Transitou entre os homens, fez o bem, revelou o Pai, deu de beber e comer verdadeira bebida e comida, mas poucos o amaram.<\/p>\n<p>E hoje? N\u00e3o acontece o mesmo? Ele segue entre n\u00f3s (e em n\u00f3s quando cremos) e se permite ver e servir na infinidade de homens e mulheres criados por ele, aos quais podemos estender a m\u00e3o e um copo de \u00e1gua a cada dia, a toda hora (Mt 25.31-46). H\u00e1 tantos que nos cercam sem p\u00e3o, sa\u00fade, teto, um abra\u00e7o sequer! O que temos feito? Jesus respira e transpira por meio de n\u00f3s e de nossas atitudes, a\u00e7\u00f5es e rea\u00e7\u00f5es?<\/p>\n<p>Que nossos olhos se abram para que possamos ver e, enfim, crer. Voc\u00ea j\u00e1 cr\u00ea?<\/p>\n<p>Pai de amor e de toda boa vis\u00e3o, perdoa-me por te enxergar e n\u00e3o te ver, por\u00a0te escutar e n\u00e3o ouvir tua voz. Sou duro de cora\u00e7\u00e3o e tardio em discernir tua\u00a0presen\u00e7a. Permite-me ver, ouvir, sentir, tocar e servir como fizeste. Isso \u00e9 tudo\u00a0de que preciso hoje. Em nome de Jesus, am\u00e9m.<\/p>\n<p><strong>\u00a0<\/strong><\/p>\n<p><strong>&gt;&gt; Retirado de\u00a0<em><a href=\"https:\/\/www.ultimato.com.br\/loja\/produtos\/refeicoes-diarias-celebrando-a-reconciliacao\">Refei\u00e7\u00f5es Di\u00e1rias \u2013 Celebrando a Reconcilia\u00e7\u00e3o<\/a><\/em>. Editora Ultimato.<\/strong><\/p>\n<p>Ou\u00e7a as nossas devocionais pelo <a href=\"https:\/\/open.spotify.com\/show\/7CG8DL9dgWZEgPzX3rnk51?si=1dbGejI2TQS16eamNjb2rA\">Spotify<\/a>!<\/p>\n","protected":false},"excerpt":{"rendered":"<p>Mas, como eu lhes disse, voc\u00eas me viram, mas ainda n\u00e3o creem. (Jo\u00e3o 6.36) O pr\u00f3prio Deus caminha em meio a sua humanidade e por ela n\u00e3o \u00e9 reconhecido! \u00c9 s\u00f3 mais um galileu, um nazareno com arroubos de grandeza. O filho de Jos\u00e9 com crise de megalomania. Mais um desses falsos messias que a [&hellip;]<\/p>\n","protected":false},"author":21,"featured_media":162,"comment_status":"open","ping_status":"open","sticky":false,"template":"","format":"standard","meta":{"ngg_post_thumbnail":0,"footnotes":""},"categories":[46049],"tags":[],"class_list":["post-9838","post","type-post","status-publish","format-standard","has-post-thumbnail","hentry","category-erlo-saul-aurich"],"publishpress_future_action":{"enabled":false,"date":"2026-05-04 23:35:23","action":"change-status","newStatus":"draft","terms":[],"taxonomy":"category","extraData":[]},"publishpress_future_workflow_manual_trigger":{"enabledWorkflows":[]},"_links":{"self":[{"href":"https:\/\/ultimato.com.br\/sites\/devocional-diaria\/wp-json\/wp\/v2\/posts\/9838","targetHints":{"allow":["GET"]}}],"collection":[{"href":"https:\/\/ultimato.com.br\/sites\/devocional-diaria\/wp-json\/wp\/v2\/posts"}],"about":[{"href":"https:\/\/ultimato.com.br\/sites\/devocional-diaria\/wp-json\/wp\/v2\/types\/post"}],"author":[{"embeddable":true,"href":"https:\/\/ultimato.com.br\/sites\/devocional-diaria\/wp-json\/wp\/v2\/users\/21"}],"replies":[{"embeddable":true,"href":"https:\/\/ultimato.com.br\/sites\/devocional-diaria\/wp-json\/wp\/v2\/comments?post=9838"}],"version-history":[{"count":1,"href":"https:\/\/ultimato.com.br\/sites\/devocional-diaria\/wp-json\/wp\/v2\/posts\/9838\/revisions"}],"predecessor-version":[{"id":9839,"href":"https:\/\/ultimato.com.br\/sites\/devocional-diaria\/wp-json\/wp\/v2\/posts\/9838\/revisions\/9839"}],"wp:featuredmedia":[{"embeddable":true,"href":"https:\/\/ultimato.com.br\/sites\/devocional-diaria\/wp-json\/wp\/v2\/media\/162"}],"wp:attachment":[{"href":"https:\/\/ultimato.com.br\/sites\/devocional-diaria\/wp-json\/wp\/v2\/media?parent=9838"}],"wp:term":[{"taxonomy":"category","embeddable":true,"href":"https:\/\/ultimato.com.br\/sites\/devocional-diaria\/wp-json\/wp\/v2\/categories?post=9838"},{"taxonomy":"post_tag","embeddable":true,"href":"https:\/\/ultimato.com.br\/sites\/devocional-diaria\/wp-json\/wp\/v2\/tags?post=9838"}],"curies":[{"name":"wp","href":"https:\/\/api.w.org\/{rel}","templated":true}]}}