{"id":9836,"date":"2022-08-03T00:00:03","date_gmt":"2022-08-03T02:00:03","guid":{"rendered":"https:\/\/ultimato.com.br\/sites\/devocional-diaria\/?p=9836"},"modified":"2022-07-29T09:55:35","modified_gmt":"2022-07-29T11:55:35","slug":"a-pessoa-esperta","status":"publish","type":"post","link":"https:\/\/ultimato.com.br\/sites\/devocional-diaria\/2022\/08\/03\/autor\/elben-cesar\/a-pessoa-esperta\/","title":{"rendered":"A pessoa esperta"},"content":{"rendered":"<p>Eu mesmo reconhe\u00e7o as minhas transgress\u00f5es, e o meu pecado\u00a0sempre me persegue. (Sl 51.3)<\/p>\n<p>A pessoa esperta n\u00e3o \u00e9 aquela que diz que n\u00e3o pecou, n\u00e3o \u00e9\u00a0aquela que esconde dos outros e de si mesma o seu pecado, n\u00e3o \u00e9 aquela\u00a0que inventa mil desculpas para justificar sua conduta reprov\u00e1vel. A pessoa\u00a0esperta \u00e9 aquela que rompe o ciclo da cegueira e do orgulho e confessa\u00a0corajosamente a Deus: \u201cEu mesmo reconhe\u00e7o as minhas transgress\u00f5es, e o\u00a0meu pecado sempre me persegue\u201d (Sl 51.3).<\/p>\n<p>\u00c9 nesse preciso momento que a pessoa esperta rompe com o passado e\u00a0inaugura uma nova \u00e9poca. Essa \u00e9 a passagem de um tempo para outro, de\u00a0uma situa\u00e7\u00e3o para outra, de um lugar para outro.<\/p>\n<p>A pessoa esperta n\u00e3o enrola, n\u00e3o mente, n\u00e3o rodeia, n\u00e3o foge, n\u00e3o\u00a0comete suic\u00eddio moral. Ela arranca a venda que est\u00e1 em seus olhos, usa col\u00edrio\u00a0para enxergar melhor (Ap 3.18), joga fora o telesc\u00f3pio com o qual via \u00e0\u00a0dist\u00e2ncia o pecado alheio (Mt 7.3) e dispensa a multid\u00e3o de advogados de\u00a0defesa que havia contratado. A pessoa esperta olha para dentro de si mesma\u00a0e se descobre pecadora desde o dia de seu nascimento, desde o dia de sua\u00a0concep\u00e7\u00e3o. Ent\u00e3o admite tranquilamente que Deus tem raz\u00e3o em conden\u00e1-la!<\/p>\n<p>&nbsp;<\/p>\n<p><strong>&gt;&gt; Retirado de\u00a0<em><a href=\"http:\/\/www.ultimato.com.br\/loja\/produtos\/refeicoes-diarias-com-o-sabor-dos-salmos\">Refei\u00e7\u00f5es Di\u00e1rias com o Sabor dos Salmos<\/a><\/em> [Elben C\u00e9sar]. Editora Ultimato.<\/strong><strong>\u00a0<\/strong><\/p>\n<p>Ou\u00e7a as nossas devocionais pelo <a href=\"https:\/\/open.spotify.com\/show\/7CG8DL9dgWZEgPzX3rnk51?si=1dbGejI2TQS16eamNjb2rA\">Spotify<\/a>!<\/p>\n","protected":false},"excerpt":{"rendered":"<p>Eu mesmo reconhe\u00e7o as minhas transgress\u00f5es, e o meu pecado\u00a0sempre me persegue. (Sl 51.3) A pessoa esperta n\u00e3o \u00e9 aquela que diz que n\u00e3o pecou, n\u00e3o \u00e9\u00a0aquela que esconde dos outros e de si mesma o seu pecado, n\u00e3o \u00e9 aquela\u00a0que inventa mil desculpas para justificar sua conduta reprov\u00e1vel. A pessoa\u00a0esperta \u00e9 aquela que rompe [&hellip;]<\/p>\n","protected":false},"author":21,"featured_media":163,"comment_status":"open","ping_status":"open","sticky":false,"template":"","format":"standard","meta":{"ngg_post_thumbnail":0,"footnotes":""},"categories":[5478],"tags":[],"class_list":["post-9836","post","type-post","status-publish","format-standard","has-post-thumbnail","hentry","category-elben-cesar"],"publishpress_future_action":{"enabled":false,"date":"2026-05-05 01:11:43","action":"change-status","newStatus":"draft","terms":[],"taxonomy":"category","extraData":[]},"publishpress_future_workflow_manual_trigger":{"enabledWorkflows":[]},"_links":{"self":[{"href":"https:\/\/ultimato.com.br\/sites\/devocional-diaria\/wp-json\/wp\/v2\/posts\/9836","targetHints":{"allow":["GET"]}}],"collection":[{"href":"https:\/\/ultimato.com.br\/sites\/devocional-diaria\/wp-json\/wp\/v2\/posts"}],"about":[{"href":"https:\/\/ultimato.com.br\/sites\/devocional-diaria\/wp-json\/wp\/v2\/types\/post"}],"author":[{"embeddable":true,"href":"https:\/\/ultimato.com.br\/sites\/devocional-diaria\/wp-json\/wp\/v2\/users\/21"}],"replies":[{"embeddable":true,"href":"https:\/\/ultimato.com.br\/sites\/devocional-diaria\/wp-json\/wp\/v2\/comments?post=9836"}],"version-history":[{"count":1,"href":"https:\/\/ultimato.com.br\/sites\/devocional-diaria\/wp-json\/wp\/v2\/posts\/9836\/revisions"}],"predecessor-version":[{"id":9837,"href":"https:\/\/ultimato.com.br\/sites\/devocional-diaria\/wp-json\/wp\/v2\/posts\/9836\/revisions\/9837"}],"wp:featuredmedia":[{"embeddable":true,"href":"https:\/\/ultimato.com.br\/sites\/devocional-diaria\/wp-json\/wp\/v2\/media\/163"}],"wp:attachment":[{"href":"https:\/\/ultimato.com.br\/sites\/devocional-diaria\/wp-json\/wp\/v2\/media?parent=9836"}],"wp:term":[{"taxonomy":"category","embeddable":true,"href":"https:\/\/ultimato.com.br\/sites\/devocional-diaria\/wp-json\/wp\/v2\/categories?post=9836"},{"taxonomy":"post_tag","embeddable":true,"href":"https:\/\/ultimato.com.br\/sites\/devocional-diaria\/wp-json\/wp\/v2\/tags?post=9836"}],"curies":[{"name":"wp","href":"https:\/\/api.w.org\/{rel}","templated":true}]}}