{"id":9834,"date":"2022-08-02T00:00:43","date_gmt":"2022-08-02T02:00:43","guid":{"rendered":"https:\/\/ultimato.com.br\/sites\/devocional-diaria\/?p=9834"},"modified":"2022-07-29T09:53:41","modified_gmt":"2022-07-29T11:53:41","slug":"o-raciocinio-de-jesus-2","status":"publish","type":"post","link":"https:\/\/ultimato.com.br\/sites\/devocional-diaria\/2022\/08\/02\/autor\/elben-cesar\/o-raciocinio-de-jesus-2\/","title":{"rendered":"O racioc\u00ednio de Jesus"},"content":{"rendered":"<p>Veio o Filho do Homem, comendo e bebendo, e dizeis: Eis a\u00ed um glut\u00e3o e bebedor de vinho, amigo de publicanos e pecadores. (Lucas 7.34)<\/p>\n<p>Jesus irritava a sociedade da \u00e9poca por se reunir, conversar e comer com pecadores. A classe alta e os religiosos desprezavam-no por ser \u201camigo de publicanos e pecadores\u201d (Lc 7.34). Ele n\u00e3o cedia um mil\u00edmetro e explicava: \u201cN\u00e3o vim chamar justos, e sim pecadores, ao arrependimento\u201d (Lc 5.32).<\/p>\n<p>Entre os pecadores que Jesus levou ao arrependimento est\u00e3o os publicanos Levi (tamb\u00e9m chamado Mateus) e Zaqueu e as tr\u00eas mu\u00adlheres envolvidas em esc\u00e2ndalos sexuais, conhecidas como a mulher samaritana, a mulher ad\u00faltera e a mulher pecadora.<\/p>\n<p>Jesus tinha mais \u00eaxito entre os marginalizados do que entre a clas\u00adse educada, n\u00e3o poucas vezes marcada por uma terr\u00edvel hipocrisia. O racioc\u00ednio de Jesus \u00e9 de que \u201cos s\u00e3os n\u00e3o precisam de m\u00e9dico, e sim os doentes\u201d (Lc 5.31). Ele mesmo declarou enfaticamente: \u201cO Filho do homem veio buscar e salvar o perdido\u201d (Lc 19.10). O \u00faltimo \u201cperdido\u201d que ele achou e salvou foi o ladr\u00e3o crucificado ao lado dele.<\/p>\n<p>\u2014 Se Jesus n\u00e3o odeia os pecadores, ent\u00e3o posso chegar perto dele!<\/p>\n<p>&nbsp;<\/p>\n<p><strong>&gt;&gt; Retirado de\u00a0<em><a href=\"https:\/\/www.ultimato.com.br\/loja\/produtos\/refeicoes-diarias-com-jesus\">Refei\u00e7\u00f5es Di\u00e1rias com Jesus<\/a><\/em> [Elben C\u00e9sar]. Editora Ultimato.<\/strong><\/p>\n<p>Ou\u00e7a as nossas devocionais pelo <a href=\"https:\/\/open.spotify.com\/show\/7CG8DL9dgWZEgPzX3rnk51?si=1dbGejI2TQS16eamNjb2rA\">Spotify<\/a>!<\/p>\n","protected":false},"excerpt":{"rendered":"<p>Veio o Filho do Homem, comendo e bebendo, e dizeis: Eis a\u00ed um glut\u00e3o e bebedor de vinho, amigo de publicanos e pecadores. (Lucas 7.34) Jesus irritava a sociedade da \u00e9poca por se reunir, conversar e comer com pecadores. A classe alta e os religiosos desprezavam-no por ser \u201camigo de publicanos e pecadores\u201d (Lc 7.34). [&hellip;]<\/p>\n","protected":false},"author":21,"featured_media":164,"comment_status":"open","ping_status":"open","sticky":false,"template":"","format":"standard","meta":{"ngg_post_thumbnail":0,"footnotes":""},"categories":[5478],"tags":[],"class_list":["post-9834","post","type-post","status-publish","format-standard","has-post-thumbnail","hentry","category-elben-cesar"],"publishpress_future_action":{"enabled":false,"date":"2026-05-05 02:41:32","action":"change-status","newStatus":"draft","terms":[],"taxonomy":"category","extraData":[]},"publishpress_future_workflow_manual_trigger":{"enabledWorkflows":[]},"_links":{"self":[{"href":"https:\/\/ultimato.com.br\/sites\/devocional-diaria\/wp-json\/wp\/v2\/posts\/9834","targetHints":{"allow":["GET"]}}],"collection":[{"href":"https:\/\/ultimato.com.br\/sites\/devocional-diaria\/wp-json\/wp\/v2\/posts"}],"about":[{"href":"https:\/\/ultimato.com.br\/sites\/devocional-diaria\/wp-json\/wp\/v2\/types\/post"}],"author":[{"embeddable":true,"href":"https:\/\/ultimato.com.br\/sites\/devocional-diaria\/wp-json\/wp\/v2\/users\/21"}],"replies":[{"embeddable":true,"href":"https:\/\/ultimato.com.br\/sites\/devocional-diaria\/wp-json\/wp\/v2\/comments?post=9834"}],"version-history":[{"count":1,"href":"https:\/\/ultimato.com.br\/sites\/devocional-diaria\/wp-json\/wp\/v2\/posts\/9834\/revisions"}],"predecessor-version":[{"id":9835,"href":"https:\/\/ultimato.com.br\/sites\/devocional-diaria\/wp-json\/wp\/v2\/posts\/9834\/revisions\/9835"}],"wp:featuredmedia":[{"embeddable":true,"href":"https:\/\/ultimato.com.br\/sites\/devocional-diaria\/wp-json\/wp\/v2\/media\/164"}],"wp:attachment":[{"href":"https:\/\/ultimato.com.br\/sites\/devocional-diaria\/wp-json\/wp\/v2\/media?parent=9834"}],"wp:term":[{"taxonomy":"category","embeddable":true,"href":"https:\/\/ultimato.com.br\/sites\/devocional-diaria\/wp-json\/wp\/v2\/categories?post=9834"},{"taxonomy":"post_tag","embeddable":true,"href":"https:\/\/ultimato.com.br\/sites\/devocional-diaria\/wp-json\/wp\/v2\/tags?post=9834"}],"curies":[{"name":"wp","href":"https:\/\/api.w.org\/{rel}","templated":true}]}}