{"id":9832,"date":"2022-08-01T00:00:55","date_gmt":"2022-08-01T02:00:55","guid":{"rendered":"https:\/\/ultimato.com.br\/sites\/devocional-diaria\/?p=9832"},"modified":"2022-07-29T09:50:42","modified_gmt":"2022-07-29T11:50:42","slug":"a-bengala-dos-crentes","status":"publish","type":"post","link":"https:\/\/ultimato.com.br\/sites\/devocional-diaria\/2022\/08\/01\/autor\/elben-cesar\/a-bengala-dos-crentes\/","title":{"rendered":"A bengala dos crentes"},"content":{"rendered":"<p>Iluminado por tuas palavras, consigo enxergar o caminho; elas lan\u00e7am um\u00a0facho de luz sobre a estrada escura. (Sl 119.105)<\/p>\n<p>Para voc\u00ea n\u00e3o se perturbar, para voc\u00ea n\u00e3o se entristecer com muita frequ\u00eancia,\u00a0para voc\u00ea n\u00e3o entrar facilmente em depress\u00e3o \u2013 use a bengala dos crentes.<\/p>\n<p>A bengala dos crentes \u00e9 a capacidade de se apoiar na palavra de Deus dia\u00a0ap\u00f3s dia. Veja estes testemunhos colhidos nos salmos:<\/p>\n<p>Em ti me tenho apoiado desde o meu nascimento. (71.6)<\/p>\n<p>Aguardo o Senhor, a minha alma o aguarda; eu espero na sua palavra. (130.5)<\/p>\n<p>Desfalece-me a alma, aguardando a tua salva\u00e7\u00e3o; por\u00e9m espero na tua\u00a0palavra. (119.81)<\/p>\n<p>Tu \u00e9s a minha esperan\u00e7a. (39.7)<\/p>\n<p>N\u00e3o se esque\u00e7a daquela tirada de Pedro, quando Jesus ordenou que ele se\u00a0fizesse ao largo e lan\u00e7asse as redes ao mar: \u201cMestre, havendo trabalhado toda\u00a0a noite, nada apanhamos, mas <em>sobre a tua palavra <\/em>lan\u00e7arei as redes\u201d (Lc 5.5).<\/p>\n<p>Voc\u00ea n\u00e3o pode nem imaginar, agora, quanto a bengala dos crentes vai\u00a0ajud\u00e1-lo.<strong>\u00a0<\/strong><\/p>\n<p><strong>\u00a0<\/strong><\/p>\n<p><strong>&gt;&gt; Retirado de\u00a0<em><a href=\"https:\/\/www.ultimato.com.br\/loja\/produtos\/cuide-das-raizes-espere-pelos-frutos\">Cuide das Ra\u00edzes, Espere pelos Frutos<\/a><\/em>, [Elben C\u00e9sar]. Editora Ultimato.<\/strong><\/p>\n<p>Ou\u00e7a as nossas devocionais pelo <a href=\"https:\/\/open.spotify.com\/show\/7CG8DL9dgWZEgPzX3rnk51?si=1dbGejI2TQS16eamNjb2rA\">Spotify<\/a>!<\/p>\n","protected":false},"excerpt":{"rendered":"<p>Iluminado por tuas palavras, consigo enxergar o caminho; elas lan\u00e7am um\u00a0facho de luz sobre a estrada escura. (Sl 119.105) Para voc\u00ea n\u00e3o se perturbar, para voc\u00ea n\u00e3o se entristecer com muita frequ\u00eancia,\u00a0para voc\u00ea n\u00e3o entrar facilmente em depress\u00e3o \u2013 use a bengala dos crentes. A bengala dos crentes \u00e9 a capacidade de se apoiar na [&hellip;]<\/p>\n","protected":false},"author":21,"featured_media":165,"comment_status":"open","ping_status":"open","sticky":false,"template":"","format":"standard","meta":{"ngg_post_thumbnail":0,"footnotes":""},"categories":[5478],"tags":[],"class_list":["post-9832","post","type-post","status-publish","format-standard","has-post-thumbnail","hentry","category-elben-cesar"],"publishpress_future_action":{"enabled":false,"date":"2026-05-05 04:07:31","action":"change-status","newStatus":"draft","terms":[],"taxonomy":"category","extraData":[]},"publishpress_future_workflow_manual_trigger":{"enabledWorkflows":[]},"_links":{"self":[{"href":"https:\/\/ultimato.com.br\/sites\/devocional-diaria\/wp-json\/wp\/v2\/posts\/9832","targetHints":{"allow":["GET"]}}],"collection":[{"href":"https:\/\/ultimato.com.br\/sites\/devocional-diaria\/wp-json\/wp\/v2\/posts"}],"about":[{"href":"https:\/\/ultimato.com.br\/sites\/devocional-diaria\/wp-json\/wp\/v2\/types\/post"}],"author":[{"embeddable":true,"href":"https:\/\/ultimato.com.br\/sites\/devocional-diaria\/wp-json\/wp\/v2\/users\/21"}],"replies":[{"embeddable":true,"href":"https:\/\/ultimato.com.br\/sites\/devocional-diaria\/wp-json\/wp\/v2\/comments?post=9832"}],"version-history":[{"count":1,"href":"https:\/\/ultimato.com.br\/sites\/devocional-diaria\/wp-json\/wp\/v2\/posts\/9832\/revisions"}],"predecessor-version":[{"id":9833,"href":"https:\/\/ultimato.com.br\/sites\/devocional-diaria\/wp-json\/wp\/v2\/posts\/9832\/revisions\/9833"}],"wp:featuredmedia":[{"embeddable":true,"href":"https:\/\/ultimato.com.br\/sites\/devocional-diaria\/wp-json\/wp\/v2\/media\/165"}],"wp:attachment":[{"href":"https:\/\/ultimato.com.br\/sites\/devocional-diaria\/wp-json\/wp\/v2\/media?parent=9832"}],"wp:term":[{"taxonomy":"category","embeddable":true,"href":"https:\/\/ultimato.com.br\/sites\/devocional-diaria\/wp-json\/wp\/v2\/categories?post=9832"},{"taxonomy":"post_tag","embeddable":true,"href":"https:\/\/ultimato.com.br\/sites\/devocional-diaria\/wp-json\/wp\/v2\/tags?post=9832"}],"curies":[{"name":"wp","href":"https:\/\/api.w.org\/{rel}","templated":true}]}}