{"id":9828,"date":"2022-07-31T00:00:55","date_gmt":"2022-07-31T02:00:55","guid":{"rendered":"https:\/\/ultimato.com.br\/sites\/devocional-diaria\/?p=9828"},"modified":"2022-07-14T13:03:31","modified_gmt":"2022-07-14T15:03:31","slug":"o-sal-e-a-luz-7","status":"publish","type":"post","link":"https:\/\/ultimato.com.br\/sites\/devocional-diaria\/2022\/07\/31\/autor\/john-stott\/o-sal-e-a-luz-7\/","title":{"rendered":"O sal e a luz"},"content":{"rendered":"<p>Voc\u00eas s\u00e3o o sal da terra&#8230; Voc\u00eas s\u00e3o a luz do mundo&#8230; Assim brilhe a luz de voc\u00eas diante dos homens<em>. <\/em>(Mateus 5.13-14,16)<\/p>\n<p>Sal e luz s\u00e3o duas das maiores necessidades nos lares. Certamente Jesus deve ter visto, in\u00fameras vezes, sua m\u00e3e usar o sal na cozinha. Naqueles dias, antes de existir a refrigera\u00e7\u00e3o, o sal era usado normalmente com prop\u00f3sitos antiss\u00e9pticos e de preserva\u00e7\u00e3o. Assim, Maria deixava peixe e carne mergu\u00adlhados em \u00e1gua salgada e acendia lamparinas a \u00f3leo quando o sol se punha.<\/p>\n<p>Jesus escolheu essas imagens para indicar a influ\u00eancia que ele desejava que seus seguidores exercessem no mundo. O que ele quis dizer? O que \u00e9 leg\u00edtimo para n\u00f3s deduzir dessa sua escolha de met\u00e1foras? Acredito que ele estava ensinando quatro verdades. Primeiro, <em>os crist\u00e3os s\u00e3o radicalmente diferentes dos n\u00e3o crist\u00e3os<\/em>. Ambas as imagens estabelecem as duas comunidades em contraste uma com a outra. Por um lado, h\u00e1 o mundo; por outro, h\u00e1 voc\u00ea, que deve ser luz na escurid\u00e3o do mundo. Novamente, o mundo \u00e9 como carne apodrecida e peixe em decomposi\u00e7\u00e3o, mas voc\u00ea deve ser o seu sal, detendo a deteriora\u00e7\u00e3o da sociedade. As duas comunidades s\u00e3o t\u00e3o diferentes uma da outra quanto a luz \u00e9 da escurid\u00e3o, e o sal, da decad\u00eancia.<\/p>\n<p>Segundo, <em>os crist\u00e3os devem penetrar na sociedade n\u00e3o crist\u00e3<\/em>. Embora espiritual e moralmente distintos, n\u00e3o devemos ser socialmente segregados. Uma l\u00e2mpada n\u00e3o traz nenhum benef\u00edcio se for guardada no arm\u00e1rio; e o sal n\u00e3o faz bem se ficar dentro do saleiro. A luz deve brilhar na escurid\u00e3o; o sal deve penetrar na carne. Ambos os modelos ilustram o processo de penetra\u00e7\u00e3o.<\/p>\n<p>Terceiro, <em>os crist\u00e3os podem influenciar e mudar a sociedade n\u00e3o crist\u00e3<\/em>. Sal e luz s\u00e3o ambos insumos eficazes. Eles mudam o seu ambiente. Quando o sal \u00e9 introduzido na carne, algo acontece; a deteriora\u00e7\u00e3o bacteriol\u00f3gica \u00e9 contida. Do mesmo modo, quando a luz \u00e9 acesa, algo acontece; a escurid\u00e3o \u00e9 dissipada. N\u00e3o apenas indiv\u00edduos podem ser mudados; sociedades tamb\u00e9m podem ser transformadas. \u00c9 claro que n\u00e3o podemos tornar a sociedade perfeita, mas podemos melhor\u00e1-la. A hist\u00f3ria est\u00e1 cheia de exemplos de melhora social por meio da influ\u00eancia crist\u00e3.<\/p>\n<p>Quarto, <em>os crist\u00e3os devem conservar as caracter\u00edsticas crist\u00e3s<\/em>. O sal deve reter sua salinidade; caso contr\u00e1rio, ser\u00e1 in\u00fatil. A luz deve reter seu brilho; caso contr\u00e1rio, nunca dissipar\u00e1 a escurid\u00e3o. E quais s\u00e3o nossas caracter\u00edsticas crist\u00e3s? O restante do serm\u00e3o do monte nos diz.<\/p>\n<p>Para saber mais: Mateus 5.13-16<strong>\u00a0<\/strong><\/p>\n<p><strong>\u00a0<\/strong><\/p>\n<div><strong><a href=\"https:\/\/www.ultimato.com.br\/revista\/396\"><img loading=\"lazy\" decoding=\"async\" class=\"alignleft wp-image-9810 size-full\" src=\"https:\/\/ultimato.com.br\/sites\/devocional-diaria\/files\/2022\/07\/show_img.jpg\" alt=\"\" width=\"160\" height=\"210\" \/><\/a>OS CRIST\u00c3OS E O BEM COMUM \u2013 O QUE FAZ A VIDA SER BOA PARA TODOS? (JR 29.7)<\/strong><\/div>\n<div>O subt\u00edtulo da mat\u00e9ria de capa traz uma pergunta crucial: o que faz a vida ser boa para todos? A pergunta \u00e9 crucial pelas respostas, mas tamb\u00e9m \u2013 e antes de tudo \u2013 por causa daqueles que fazem a pergunta. Quem faz este tipo de pergunta pensa al\u00e9m de si e de sua \u201ctribo\u201d. Quem pensa nos outros e se importa com eles compartilha da natureza de seu Pai misericordioso e justo.<\/div>\n<p><strong>\u00a0<\/strong><\/p>\n<p><strong>&gt;&gt; Retirado de\u00a0<em><a href=\"https:\/\/www.ultimato.com.br\/loja\/produtos\/a-biblia-toda-o-ano-todo-1\">A B\u00edblia Toda, o Ano Todo<\/a><\/em>\u00a0[John Stott]. Editora Ultimato.<\/strong><\/p>\n","protected":false},"excerpt":{"rendered":"<p>Voc\u00eas s\u00e3o o sal da terra&#8230; Voc\u00eas s\u00e3o a luz do mundo&#8230; Assim brilhe a luz de voc\u00eas diante dos homens. (Mateus 5.13-14,16) Sal e luz s\u00e3o duas das maiores necessidades nos lares. Certamente Jesus deve ter visto, in\u00fameras vezes, sua m\u00e3e usar o sal na cozinha. Naqueles dias, antes de existir a refrigera\u00e7\u00e3o, o [&hellip;]<\/p>\n","protected":false},"author":21,"featured_media":166,"comment_status":"open","ping_status":"open","sticky":false,"template":"","format":"standard","meta":{"ngg_post_thumbnail":0,"footnotes":""},"categories":[5668],"tags":[],"class_list":["post-9828","post","type-post","status-publish","format-standard","has-post-thumbnail","hentry","category-john-stott"],"publishpress_future_action":{"enabled":false,"date":"2026-05-05 04:07:30","action":"change-status","newStatus":"draft","terms":[],"taxonomy":"category","extraData":[]},"publishpress_future_workflow_manual_trigger":{"enabledWorkflows":[]},"_links":{"self":[{"href":"https:\/\/ultimato.com.br\/sites\/devocional-diaria\/wp-json\/wp\/v2\/posts\/9828","targetHints":{"allow":["GET"]}}],"collection":[{"href":"https:\/\/ultimato.com.br\/sites\/devocional-diaria\/wp-json\/wp\/v2\/posts"}],"about":[{"href":"https:\/\/ultimato.com.br\/sites\/devocional-diaria\/wp-json\/wp\/v2\/types\/post"}],"author":[{"embeddable":true,"href":"https:\/\/ultimato.com.br\/sites\/devocional-diaria\/wp-json\/wp\/v2\/users\/21"}],"replies":[{"embeddable":true,"href":"https:\/\/ultimato.com.br\/sites\/devocional-diaria\/wp-json\/wp\/v2\/comments?post=9828"}],"version-history":[{"count":1,"href":"https:\/\/ultimato.com.br\/sites\/devocional-diaria\/wp-json\/wp\/v2\/posts\/9828\/revisions"}],"predecessor-version":[{"id":9829,"href":"https:\/\/ultimato.com.br\/sites\/devocional-diaria\/wp-json\/wp\/v2\/posts\/9828\/revisions\/9829"}],"wp:featuredmedia":[{"embeddable":true,"href":"https:\/\/ultimato.com.br\/sites\/devocional-diaria\/wp-json\/wp\/v2\/media\/166"}],"wp:attachment":[{"href":"https:\/\/ultimato.com.br\/sites\/devocional-diaria\/wp-json\/wp\/v2\/media?parent=9828"}],"wp:term":[{"taxonomy":"category","embeddable":true,"href":"https:\/\/ultimato.com.br\/sites\/devocional-diaria\/wp-json\/wp\/v2\/categories?post=9828"},{"taxonomy":"post_tag","embeddable":true,"href":"https:\/\/ultimato.com.br\/sites\/devocional-diaria\/wp-json\/wp\/v2\/tags?post=9828"}],"curies":[{"name":"wp","href":"https:\/\/api.w.org\/{rel}","templated":true}]}}