{"id":9823,"date":"2022-07-29T00:00:52","date_gmt":"2022-07-29T02:00:52","guid":{"rendered":"https:\/\/ultimato.com.br\/sites\/devocional-diaria\/?p=9823"},"modified":"2022-07-14T12:54:21","modified_gmt":"2022-07-14T14:54:21","slug":"novos-tempos-e-novo-carater-4","status":"publish","type":"post","link":"https:\/\/ultimato.com.br\/sites\/devocional-diaria\/2022\/07\/29\/autor\/elben-cesar\/novos-tempos-e-novo-carater-4\/","title":{"rendered":"Novos tempos e novo car\u00e1ter"},"content":{"rendered":"<p>A conduta de voc\u00eas entre os pag\u00e3os deve ser boa. (1Pe 2.12)<\/p>\n<p>Nossa conduta deve ser boa entre os pag\u00e3os. Quem s\u00e3o os pag\u00e3os? \u00c9 dito que o\u00a0pag\u00e3o \u00e9 qualquer pecador n\u00e3o batizado na f\u00e9 crist\u00e3 ou at\u00e9 mesmo uma crian\u00e7a\u00a0nascida em lar crist\u00e3o e que ainda n\u00e3o foi submetida ao batismo. No sentido\u00a0mais b\u00edblico, pag\u00e3o \u00e9 sin\u00f4nimo de n\u00e3o judeu e n\u00e3o crist\u00e3o. Para simplificar,\u00a0o pag\u00e3o \u00e9 o pecador n\u00e3o convertido, aquele que chamamos de incr\u00e9dulo ou\u00a0descrente, por n\u00e3o crer, em \u00faltima an\u00e1lise, no sacrif\u00edcio vic\u00e1rio de Jesus.\u00a0O bom comportamento deve ser s\u00f3 entre os pag\u00e3os? \u00c9 claro que n\u00e3o.<\/p>\n<p>O\u00a0bom comportamento deve ser tamb\u00e9m entre os crentes, no \u00e2mbito da fam\u00edlia\u00a0e no \u00e2mbito da igreja. Um crist\u00e3o n\u00e3o pode escandalizar uma crian\u00e7a, um\u00a0irm\u00e3o na f\u00e9, uma pessoa que est\u00e1 sendo evangelizada. O bom comportamento\u00a0exigido dos crist\u00e3os \u00e9 entre os seus semelhantes de modo geral.<\/p>\n<p>A conduta do crente deve ser boa, exemplar e coerente com o que ele cr\u00ea e\u00a0prega; deve ser positiva, convincente e atraente. Maior n\u00famero de pecadores\u00a0se converte por causa do estilo de vida do crente do que pelo an\u00fancio verbal\u00a0do evangelho.<\/p>\n<p>Mesmo em meio aos desejos carnais, \u00e0 atra\u00e7\u00e3o mundana e ao ataque das\u00a0potestades do ar, o crist\u00e3o precisa manter o seu bom nome para confundir e\u00a0afastar aqueles que o caluniam. A maior arma contra a cal\u00fania n\u00e3o \u00e9 a defesa\u00a0pr\u00f3pria nem o ataque ao caluniador. \u00c9 o argumento da vida exemplar observada\u00a0pelo caluniador e pelas testemunhas. Os incr\u00e9dulos ainda v\u00e3o se curvar\u00a0diante do nome de Jesus, mas tamb\u00e9m ficar\u00e3o envergonhados de suas cal\u00fanias\u00a0contra os crentes no dia da visita de Deus.<\/p>\n<p>Devo viver de modo exemplar para calar os opositores e glorificar a Jesus Cristo!<strong>\u00a0<\/strong><\/p>\n<p><strong>\u00a0<\/strong><\/p>\n<div><strong><a href=\"https:\/\/www.ultimato.com.br\/revista\/396\"><img loading=\"lazy\" decoding=\"async\" class=\"alignleft wp-image-9810 size-full\" src=\"https:\/\/ultimato.com.br\/sites\/devocional-diaria\/files\/2022\/07\/show_img.jpg\" alt=\"\" width=\"160\" height=\"210\" \/><\/a>OS CRIST\u00c3OS E O BEM COMUM \u2013 O QUE FAZ A VIDA SER BOA PARA TODOS? (JR 29.7)<\/strong><\/div>\n<div>O subt\u00edtulo da mat\u00e9ria de capa traz uma pergunta crucial: o que faz a vida ser boa para todos? A pergunta \u00e9 crucial pelas respostas, mas tamb\u00e9m \u2013 e antes de tudo \u2013 por causa daqueles que fazem a pergunta. Quem faz este tipo de pergunta pensa al\u00e9m de si e de sua \u201ctribo\u201d. Quem pensa nos outros e se importa com eles compartilha da natureza de seu Pai misericordioso e justo.<\/div>\n<p><strong>\u00a0<\/strong><\/p>\n<p><strong>&gt;&gt; Retirado de\u00a0<em><a href=\"https:\/\/www.ultimato.com.br\/loja\/produtos\/refeicoes-diarias-com-os-discipulos\">Refei\u00e7\u00f5es Di\u00e1rias com os Disc\u00edpulos<\/a><\/em> [Elben C\u00e9sar]. Editora Ultimato.<\/strong><strong>\u00a0<\/strong><\/p>\n<p>Ou\u00e7a as nossas devocionais pelo <a href=\"https:\/\/open.spotify.com\/show\/7CG8DL9dgWZEgPzX3rnk51?si=1dbGejI2TQS16eamNjb2rA\">Spotify<\/a>!<\/p>\n","protected":false},"excerpt":{"rendered":"<p>A conduta de voc\u00eas entre os pag\u00e3os deve ser boa. (1Pe 2.12) Nossa conduta deve ser boa entre os pag\u00e3os. Quem s\u00e3o os pag\u00e3os? \u00c9 dito que o\u00a0pag\u00e3o \u00e9 qualquer pecador n\u00e3o batizado na f\u00e9 crist\u00e3 ou at\u00e9 mesmo uma crian\u00e7a\u00a0nascida em lar crist\u00e3o e que ainda n\u00e3o foi submetida ao batismo. No sentido\u00a0mais b\u00edblico, [&hellip;]<\/p>\n","protected":false},"author":21,"featured_media":161,"comment_status":"open","ping_status":"open","sticky":false,"template":"","format":"standard","meta":{"ngg_post_thumbnail":0,"footnotes":""},"categories":[5478],"tags":[],"class_list":["post-9823","post","type-post","status-publish","format-standard","has-post-thumbnail","hentry","category-elben-cesar"],"publishpress_future_action":{"enabled":false,"date":"2026-05-07 02:41:40","action":"change-status","newStatus":"draft","terms":[],"taxonomy":"category","extraData":[]},"publishpress_future_workflow_manual_trigger":{"enabledWorkflows":[]},"_links":{"self":[{"href":"https:\/\/ultimato.com.br\/sites\/devocional-diaria\/wp-json\/wp\/v2\/posts\/9823","targetHints":{"allow":["GET"]}}],"collection":[{"href":"https:\/\/ultimato.com.br\/sites\/devocional-diaria\/wp-json\/wp\/v2\/posts"}],"about":[{"href":"https:\/\/ultimato.com.br\/sites\/devocional-diaria\/wp-json\/wp\/v2\/types\/post"}],"author":[{"embeddable":true,"href":"https:\/\/ultimato.com.br\/sites\/devocional-diaria\/wp-json\/wp\/v2\/users\/21"}],"replies":[{"embeddable":true,"href":"https:\/\/ultimato.com.br\/sites\/devocional-diaria\/wp-json\/wp\/v2\/comments?post=9823"}],"version-history":[{"count":2,"href":"https:\/\/ultimato.com.br\/sites\/devocional-diaria\/wp-json\/wp\/v2\/posts\/9823\/revisions"}],"predecessor-version":[{"id":9825,"href":"https:\/\/ultimato.com.br\/sites\/devocional-diaria\/wp-json\/wp\/v2\/posts\/9823\/revisions\/9825"}],"wp:featuredmedia":[{"embeddable":true,"href":"https:\/\/ultimato.com.br\/sites\/devocional-diaria\/wp-json\/wp\/v2\/media\/161"}],"wp:attachment":[{"href":"https:\/\/ultimato.com.br\/sites\/devocional-diaria\/wp-json\/wp\/v2\/media?parent=9823"}],"wp:term":[{"taxonomy":"category","embeddable":true,"href":"https:\/\/ultimato.com.br\/sites\/devocional-diaria\/wp-json\/wp\/v2\/categories?post=9823"},{"taxonomy":"post_tag","embeddable":true,"href":"https:\/\/ultimato.com.br\/sites\/devocional-diaria\/wp-json\/wp\/v2\/tags?post=9823"}],"curies":[{"name":"wp","href":"https:\/\/api.w.org\/{rel}","templated":true}]}}