{"id":9819,"date":"2022-07-28T00:00:43","date_gmt":"2022-07-28T02:00:43","guid":{"rendered":"https:\/\/ultimato.com.br\/sites\/devocional-diaria\/?p=9819"},"modified":"2022-07-14T12:49:26","modified_gmt":"2022-07-14T14:49:26","slug":"nao-se-esqueca-dos-pobres-2","status":"publish","type":"post","link":"https:\/\/ultimato.com.br\/sites\/devocional-diaria\/2022\/07\/28\/autor\/elben-cesar\/nao-se-esqueca-dos-pobres-2\/","title":{"rendered":"N\u00e3o se esque\u00e7a dos pobres"},"content":{"rendered":"<p>O Esp\u00edrito do Senhor est\u00e1 sobre mim, porque ele me ungiu para pregar boas novas aos pobres. (Lucas 4.18, NVI)<\/p>\n<p>Ao dar uma pomposa festa, n\u00e3o se esque\u00e7a dos pobres nem dos deficientes f\u00edsicos (Lc 14.13). Eles n\u00e3o t\u00eam roupas bonitas nem sa\u00adbem se portar em ambientes de festas sofisticadas. Por\u00e9m, eles s\u00e3o criaturas de Deus como voc\u00ea, s\u00e3o pecadores como voc\u00ea, s\u00e3o amados e salvos por mim tanto quanto voc\u00ea. N\u00e3o seja preconceituoso, n\u00e3o seja insens\u00edvel, n\u00e3o seja interesseiro. Sei o que voc\u00ea pensa quando convida exclusivamente seus amigos, seus parentes e os endinheirados. Voc\u00ea est\u00e1 de olho na recompensa, na d\u00edvida que eles assumem com voc\u00ea. Voc\u00ea est\u00e1 de olho nos presentes que eles, por amor ou por educa\u00e7\u00e3o, trar\u00e3o para voc\u00ea.<\/p>\n<p>Tenha compromisso com o pobre como eu tenho. N\u00e3o se esque\u00e7a do que eu declarei na sinagoga de Nazar\u00e9 em meu primeiro pronuncia\u00admento p\u00fablico: \u201cEle me escolheu para levar boas not\u00edcias aos pobres e me enviou para anunciar a liberdade aos presos, dar vista aos cegos, libertar os que est\u00e3o sendo oprimidos\u201d (Lc 4.18, NTLH). Coloque no cora\u00e7\u00e3o aquilo que eu disse e agora repito: \u201cMais bem-aventurado \u00e9 dar que receber\u201d (At 20.35).<\/p>\n<p>\u2014 \u00d3 Deus, ajuda-me a enxergar os pobres e am\u00e1-los!<strong>\u00a0<\/strong><\/p>\n<p>&nbsp;<\/p>\n<div><strong><a href=\"https:\/\/www.ultimato.com.br\/revista\/396\"><img loading=\"lazy\" decoding=\"async\" class=\"wp-image-9810 size-full alignleft\" src=\"https:\/\/ultimato.com.br\/sites\/devocional-diaria\/files\/2022\/07\/show_img.jpg\" alt=\"\" width=\"160\" height=\"210\" \/><\/a>OS CRIST\u00c3OS E O BEM COMUM \u2013 O QUE FAZ A VIDA SER BOA PARA TODOS? (JR 29.7)<\/strong><\/div>\n<div>O subt\u00edtulo da mat\u00e9ria de capa traz uma pergunta crucial: o que faz a vida ser boa para todos? A pergunta \u00e9 crucial pelas respostas, mas tamb\u00e9m \u2013 e antes de tudo \u2013 por causa daqueles que fazem a pergunta. Quem faz este tipo de pergunta pensa al\u00e9m de si e de sua \u201ctribo\u201d. Quem pensa nos outros e se importa com eles compartilha da natureza de seu Pai misericordioso e justo.<\/div>\n<p><strong>\u00a0<\/strong><\/p>\n<p><strong>&gt;&gt; Retirado de\u00a0<em><a href=\"https:\/\/www.ultimato.com.br\/loja\/produtos\/refeicoes-diarias-com-jesus\">Refei\u00e7\u00f5es Di\u00e1rias com Jesus<\/a><\/em> [Elben C\u00e9sar]. Editora Ultimato.<\/strong><\/p>\n<p>Ou\u00e7a as nossas devocionais pelo <a href=\"https:\/\/open.spotify.com\/show\/7CG8DL9dgWZEgPzX3rnk51?si=1dbGejI2TQS16eamNjb2rA\">Spotify<\/a>!<\/p>\n","protected":false},"excerpt":{"rendered":"<p>O Esp\u00edrito do Senhor est\u00e1 sobre mim, porque ele me ungiu para pregar boas novas aos pobres. (Lucas 4.18, NVI) Ao dar uma pomposa festa, n\u00e3o se esque\u00e7a dos pobres nem dos deficientes f\u00edsicos (Lc 14.13). Eles n\u00e3o t\u00eam roupas bonitas nem sa\u00adbem se portar em ambientes de festas sofisticadas. Por\u00e9m, eles s\u00e3o criaturas de [&hellip;]<\/p>\n","protected":false},"author":21,"featured_media":162,"comment_status":"open","ping_status":"open","sticky":false,"template":"","format":"standard","meta":{"ngg_post_thumbnail":0,"footnotes":""},"categories":[5478],"tags":[],"class_list":["post-9819","post","type-post","status-publish","format-standard","has-post-thumbnail","hentry","category-elben-cesar"],"publishpress_future_action":{"enabled":false,"date":"2026-05-07 02:37:25","action":"change-status","newStatus":"draft","terms":[],"taxonomy":"category","extraData":[]},"publishpress_future_workflow_manual_trigger":{"enabledWorkflows":[]},"_links":{"self":[{"href":"https:\/\/ultimato.com.br\/sites\/devocional-diaria\/wp-json\/wp\/v2\/posts\/9819","targetHints":{"allow":["GET"]}}],"collection":[{"href":"https:\/\/ultimato.com.br\/sites\/devocional-diaria\/wp-json\/wp\/v2\/posts"}],"about":[{"href":"https:\/\/ultimato.com.br\/sites\/devocional-diaria\/wp-json\/wp\/v2\/types\/post"}],"author":[{"embeddable":true,"href":"https:\/\/ultimato.com.br\/sites\/devocional-diaria\/wp-json\/wp\/v2\/users\/21"}],"replies":[{"embeddable":true,"href":"https:\/\/ultimato.com.br\/sites\/devocional-diaria\/wp-json\/wp\/v2\/comments?post=9819"}],"version-history":[{"count":2,"href":"https:\/\/ultimato.com.br\/sites\/devocional-diaria\/wp-json\/wp\/v2\/posts\/9819\/revisions"}],"predecessor-version":[{"id":9822,"href":"https:\/\/ultimato.com.br\/sites\/devocional-diaria\/wp-json\/wp\/v2\/posts\/9819\/revisions\/9822"}],"wp:featuredmedia":[{"embeddable":true,"href":"https:\/\/ultimato.com.br\/sites\/devocional-diaria\/wp-json\/wp\/v2\/media\/162"}],"wp:attachment":[{"href":"https:\/\/ultimato.com.br\/sites\/devocional-diaria\/wp-json\/wp\/v2\/media?parent=9819"}],"wp:term":[{"taxonomy":"category","embeddable":true,"href":"https:\/\/ultimato.com.br\/sites\/devocional-diaria\/wp-json\/wp\/v2\/categories?post=9819"},{"taxonomy":"post_tag","embeddable":true,"href":"https:\/\/ultimato.com.br\/sites\/devocional-diaria\/wp-json\/wp\/v2\/tags?post=9819"}],"curies":[{"name":"wp","href":"https:\/\/api.w.org\/{rel}","templated":true}]}}