{"id":9817,"date":"2022-07-27T00:00:32","date_gmt":"2022-07-27T02:00:32","guid":{"rendered":"https:\/\/ultimato.com.br\/sites\/devocional-diaria\/?p=9817"},"modified":"2022-07-14T12:44:38","modified_gmt":"2022-07-14T14:44:38","slug":"amem-uns-aos-outros-2","status":"publish","type":"post","link":"https:\/\/ultimato.com.br\/sites\/devocional-diaria\/2022\/07\/27\/autor\/elben-cesar\/amem-uns-aos-outros-2\/","title":{"rendered":"Amem uns aos outros"},"content":{"rendered":"<p>N\u00e3o lhes dou um mandamento novo, mas o mesmo que temos ouvido desde o come\u00e7o.\u00a0(2Jo 5)<\/p>\n<p>Jo\u00e3o n\u00e3o perde a oportunidade de usar as suas palavras prediletas: <em>verdade <\/em>e\u00a0<em>amor<\/em>. Sozinha, cada uma delas atrapalha a outra. A verdade sem amor \u00e9 uma\u00a0loucura, o amor sem verdade \u00e9 outra loucura.<\/p>\n<p>Depois de mostrar abertamente sua alegria pelo fato de a Senhora eleita\u00a0e os seus filhos estarem vivendo de acordo com a verdade, Jo\u00e3o escreve: \u201cE\u00a0agora, querida Senhora, eu lhe pe\u00e7o que nos amemos uns aos outros\u201d (2Jo 5a). O\u00a0pedido do presb\u00edtero deveria ser atendido pelos irm\u00e3os da f\u00e9 e por ele pr\u00f3prio.\u00a0Da\u00ed a cuidadosa inclus\u00e3o que ele faz: \u201cQue nos amemos\u201d. Qualquer exorta\u00e7\u00e3o\u00a0feita aos outros tem de ser feita primeiro ao que exorta, em benef\u00edcio de sua\u00a0autoridade.<\/p>\n<p>O que Jo\u00e3o est\u00e1 ordenando \u00e9 coisa antiga, que ele tem ouvido e tem falado\u00a0\u201cdesde o come\u00e7o\u201d. Certamente ele tinha em mente o \u201cmaior e mais importante\u00a0mandamento\u201d (\u201cAme o Senhor, seu Deus, com todo o cora\u00e7\u00e3o, com toda a\u00a0alma e com toda a mente&#8230;\u201d) e o segundo mais importante: \u201cAme os outros\u00a0como voc\u00ea ama a voc\u00ea mesmo\u201d (Mt 22.37-38). Mas, al\u00e9m disto, aquela noite\u00a0no Cen\u00e1culo de quinta para sexta-feira em que Jesus explicou aos disc\u00edpulos:\u00a0\u201cEu lhes dou este novo mandamento: Amem uns aos outros\u201d (Jo 13.34) ficou\u00a0bem gravada no cora\u00e7\u00e3o do disc\u00edpulo amado, que neste momento estava\u00a0sentado ao lado de Jesus.<\/p>\n<p>Amar uns aos outros: um mandamento poss\u00edvel de obedecer!<strong>\u00a0<\/strong><\/p>\n<div><strong><a href=\"https:\/\/www.ultimato.com.br\/revista\/396\"><img loading=\"lazy\" decoding=\"async\" class=\"alignleft wp-image-9810 size-full\" src=\"https:\/\/ultimato.com.br\/sites\/devocional-diaria\/files\/2022\/07\/show_img.jpg\" alt=\"\" width=\"160\" height=\"210\" \/><\/a>OS CRIST\u00c3OS E O BEM COMUM \u2013 O QUE FAZ A VIDA SER BOA PARA TODOS? (JR 29.7)<\/strong><\/div>\n<div>O subt\u00edtulo da mat\u00e9ria de capa traz uma pergunta crucial: o que faz a vida ser boa para todos? A pergunta \u00e9 crucial pelas respostas, mas tamb\u00e9m \u2013 e antes de tudo \u2013 por causa daqueles que fazem a pergunta. Quem faz este tipo de pergunta pensa al\u00e9m de si e de sua \u201ctribo\u201d. Quem pensa nos outros e se importa com eles compartilha da natureza de seu Pai misericordioso e justo.<\/div>\n<p><strong>\u00a0<\/strong><\/p>\n<p><strong>&gt;&gt; Retirado de\u00a0<em><a href=\"https:\/\/www.ultimato.com.br\/loja\/produtos\/refeicoes-diarias-com-os-discipulos\">Refei\u00e7\u00f5es Di\u00e1rias com os Disc\u00edpulos<\/a><\/em> [Elben C\u00e9sar]. Editora Ultimato.<\/strong><strong>\u00a0<\/strong><\/p>\n<p>Ou\u00e7a as nossas devocionais pelo <a href=\"https:\/\/open.spotify.com\/show\/7CG8DL9dgWZEgPzX3rnk51?si=1dbGejI2TQS16eamNjb2rA\">Spotify<\/a>!<\/p>\n","protected":false},"excerpt":{"rendered":"<p>N\u00e3o lhes dou um mandamento novo, mas o mesmo que temos ouvido desde o come\u00e7o.\u00a0(2Jo 5) Jo\u00e3o n\u00e3o perde a oportunidade de usar as suas palavras prediletas: verdade e\u00a0amor. Sozinha, cada uma delas atrapalha a outra. A verdade sem amor \u00e9 uma\u00a0loucura, o amor sem verdade \u00e9 outra loucura. Depois de mostrar abertamente sua alegria [&hellip;]<\/p>\n","protected":false},"author":21,"featured_media":163,"comment_status":"open","ping_status":"open","sticky":false,"template":"","format":"standard","meta":{"ngg_post_thumbnail":0,"footnotes":""},"categories":[5478],"tags":[],"class_list":["post-9817","post","type-post","status-publish","format-standard","has-post-thumbnail","hentry","category-elben-cesar"],"publishpress_future_action":{"enabled":false,"date":"2026-05-07 02:35:57","action":"change-status","newStatus":"draft","terms":[],"taxonomy":"category","extraData":[]},"publishpress_future_workflow_manual_trigger":{"enabledWorkflows":[]},"_links":{"self":[{"href":"https:\/\/ultimato.com.br\/sites\/devocional-diaria\/wp-json\/wp\/v2\/posts\/9817","targetHints":{"allow":["GET"]}}],"collection":[{"href":"https:\/\/ultimato.com.br\/sites\/devocional-diaria\/wp-json\/wp\/v2\/posts"}],"about":[{"href":"https:\/\/ultimato.com.br\/sites\/devocional-diaria\/wp-json\/wp\/v2\/types\/post"}],"author":[{"embeddable":true,"href":"https:\/\/ultimato.com.br\/sites\/devocional-diaria\/wp-json\/wp\/v2\/users\/21"}],"replies":[{"embeddable":true,"href":"https:\/\/ultimato.com.br\/sites\/devocional-diaria\/wp-json\/wp\/v2\/comments?post=9817"}],"version-history":[{"count":1,"href":"https:\/\/ultimato.com.br\/sites\/devocional-diaria\/wp-json\/wp\/v2\/posts\/9817\/revisions"}],"predecessor-version":[{"id":9818,"href":"https:\/\/ultimato.com.br\/sites\/devocional-diaria\/wp-json\/wp\/v2\/posts\/9817\/revisions\/9818"}],"wp:featuredmedia":[{"embeddable":true,"href":"https:\/\/ultimato.com.br\/sites\/devocional-diaria\/wp-json\/wp\/v2\/media\/163"}],"wp:attachment":[{"href":"https:\/\/ultimato.com.br\/sites\/devocional-diaria\/wp-json\/wp\/v2\/media?parent=9817"}],"wp:term":[{"taxonomy":"category","embeddable":true,"href":"https:\/\/ultimato.com.br\/sites\/devocional-diaria\/wp-json\/wp\/v2\/categories?post=9817"},{"taxonomy":"post_tag","embeddable":true,"href":"https:\/\/ultimato.com.br\/sites\/devocional-diaria\/wp-json\/wp\/v2\/tags?post=9817"}],"curies":[{"name":"wp","href":"https:\/\/api.w.org\/{rel}","templated":true}]}}