{"id":9814,"date":"2022-07-26T00:00:56","date_gmt":"2022-07-26T02:00:56","guid":{"rendered":"https:\/\/ultimato.com.br\/sites\/devocional-diaria\/?p=9814"},"modified":"2022-07-14T12:41:59","modified_gmt":"2022-07-14T14:41:59","slug":"jesus-ensina-prega-e-cura","status":"publish","type":"post","link":"https:\/\/ultimato.com.br\/sites\/devocional-diaria\/2022\/07\/26\/autor\/elben-cesar\/jesus-ensina-prega-e-cura\/","title":{"rendered":"Jesus ensina, prega e cura"},"content":{"rendered":"<p>Ele ensinava nas sinagogas, anunciava a boa not\u00edcia sobre o reino e curava todo tipo de enfermidades e doen\u00e7as graves das pessoas.\u00a0 (Mateus 9.35, NTLH)<\/p>\n<p>O ser humano sofre por causa das enfermidades e da morte. Sofre tamb\u00e9m por causa de fome, sede e frio, da injusti\u00e7a social, do desemprego, da discrimina\u00e7\u00e3o, da solid\u00e3o, do abandono, da ingratid\u00e3o, da inveja, do ci\u00fame, das guerras e dos acidentes naturais, do pecado pr\u00f3prio e do pecado alheio. Ele precisa estar com a barriga cheia do p\u00e3o que sai do forno e do p\u00e3o que desce dos c\u00e9us. Todo ser humano necessita de comida, roupa e casa, e tamb\u00e9m de certezas, f\u00e9 e esperan\u00e7a. Por essa momentosa raz\u00e3o, o minist\u00e9rio de Jesus era tr\u00edplice. O te\u00f3logo <em>Lu\u00eds Alonso Sch\u00f6kel <\/em>diz que \u201ca atividade de Jesus junta e unifica ensina\u00admento, proclama\u00e7\u00e3o da boa not\u00edcia ou evangelho e curas\u201d.<\/p>\n<p>O Evangelho Segundo Mateus registra mais de uma vez que Jesus andava por todas as cidades e povoados ensinando, anunciando a boa not\u00edcia do reino e curando todo tipo de enfermidades e doen\u00e7as gra\u00adves do povo (Mt 4.23; 9.35). Embora Jesus tenha vindo para resolver o problema do pecado, seu minist\u00e9rio alcan\u00e7ava todas as necessidades humanas.<\/p>\n<p>\u2014 Tanto eu como meu pr\u00f3ximo precisamos de ensinos, de perd\u00e3o e de sa\u00fade.<strong>\u00a0<\/strong><\/p>\n<p><strong>\u00a0<\/strong><\/p>\n<div><strong><a href=\"https:\/\/www.ultimato.com.br\/revista\/396\"><img loading=\"lazy\" decoding=\"async\" class=\"alignleft wp-image-9810 size-full\" src=\"https:\/\/ultimato.com.br\/sites\/devocional-diaria\/files\/2022\/07\/show_img.jpg\" alt=\"\" width=\"160\" height=\"210\" \/><\/a>OS CRIST\u00c3OS E O BEM COMUM \u2013 O QUE FAZ A VIDA SER BOA PARA TODOS? (JR 29.7)<\/strong><\/div>\n<div><span style=\"font-size: small;\">\u00a0<\/span>O subt\u00edtulo da mat\u00e9ria de capa traz uma pergunta crucial: o que faz a vida ser boa para todos? A pergunta \u00e9 crucial pelas respostas, mas tamb\u00e9m \u2013 e antes de tudo \u2013 por causa daqueles que fazem a pergunta. Quem faz este tipo de pergunta pensa al\u00e9m de si e de sua \u201ctribo\u201d. Quem pensa nos outros e se importa com eles compartilha da natureza de seu Pai misericordioso e justo.<\/div>\n<p><strong>\u00a0<\/strong><\/p>\n<p><strong>&gt;&gt; Retirado de\u00a0<em><a href=\"https:\/\/www.ultimato.com.br\/loja\/produtos\/refeicoes-diarias-com-jesus\">Refei\u00e7\u00f5es Di\u00e1rias com Jesus<\/a><\/em> [Elben C\u00e9sar]. Editora Ultimato.<\/strong><\/p>\n<p>Ou\u00e7a as nossas devocionais pelo <a href=\"https:\/\/open.spotify.com\/show\/7CG8DL9dgWZEgPzX3rnk51?si=1dbGejI2TQS16eamNjb2rA\">Spotify<\/a>!<\/p>\n","protected":false},"excerpt":{"rendered":"<p>Ele ensinava nas sinagogas, anunciava a boa not\u00edcia sobre o reino e curava todo tipo de enfermidades e doen\u00e7as graves das pessoas.\u00a0 (Mateus 9.35, NTLH) O ser humano sofre por causa das enfermidades e da morte. Sofre tamb\u00e9m por causa de fome, sede e frio, da injusti\u00e7a social, do desemprego, da discrimina\u00e7\u00e3o, da solid\u00e3o, do [&hellip;]<\/p>\n","protected":false},"author":21,"featured_media":164,"comment_status":"open","ping_status":"open","sticky":false,"template":"","format":"standard","meta":{"ngg_post_thumbnail":0,"footnotes":""},"categories":[5478],"tags":[],"class_list":["post-9814","post","type-post","status-publish","format-standard","has-post-thumbnail","hentry","category-elben-cesar"],"publishpress_future_action":{"enabled":false,"date":"2026-05-07 03:26:22","action":"change-status","newStatus":"draft","terms":[],"taxonomy":"category","extraData":[]},"publishpress_future_workflow_manual_trigger":{"enabledWorkflows":[]},"_links":{"self":[{"href":"https:\/\/ultimato.com.br\/sites\/devocional-diaria\/wp-json\/wp\/v2\/posts\/9814","targetHints":{"allow":["GET"]}}],"collection":[{"href":"https:\/\/ultimato.com.br\/sites\/devocional-diaria\/wp-json\/wp\/v2\/posts"}],"about":[{"href":"https:\/\/ultimato.com.br\/sites\/devocional-diaria\/wp-json\/wp\/v2\/types\/post"}],"author":[{"embeddable":true,"href":"https:\/\/ultimato.com.br\/sites\/devocional-diaria\/wp-json\/wp\/v2\/users\/21"}],"replies":[{"embeddable":true,"href":"https:\/\/ultimato.com.br\/sites\/devocional-diaria\/wp-json\/wp\/v2\/comments?post=9814"}],"version-history":[{"count":2,"href":"https:\/\/ultimato.com.br\/sites\/devocional-diaria\/wp-json\/wp\/v2\/posts\/9814\/revisions"}],"predecessor-version":[{"id":9816,"href":"https:\/\/ultimato.com.br\/sites\/devocional-diaria\/wp-json\/wp\/v2\/posts\/9814\/revisions\/9816"}],"wp:featuredmedia":[{"embeddable":true,"href":"https:\/\/ultimato.com.br\/sites\/devocional-diaria\/wp-json\/wp\/v2\/media\/164"}],"wp:attachment":[{"href":"https:\/\/ultimato.com.br\/sites\/devocional-diaria\/wp-json\/wp\/v2\/media?parent=9814"}],"wp:term":[{"taxonomy":"category","embeddable":true,"href":"https:\/\/ultimato.com.br\/sites\/devocional-diaria\/wp-json\/wp\/v2\/categories?post=9814"},{"taxonomy":"post_tag","embeddable":true,"href":"https:\/\/ultimato.com.br\/sites\/devocional-diaria\/wp-json\/wp\/v2\/tags?post=9814"}],"curies":[{"name":"wp","href":"https:\/\/api.w.org\/{rel}","templated":true}]}}