{"id":9809,"date":"2022-07-25T00:00:30","date_gmt":"2022-07-25T02:00:30","guid":{"rendered":"https:\/\/ultimato.com.br\/sites\/devocional-diaria\/?p=9809"},"modified":"2022-07-14T12:38:05","modified_gmt":"2022-07-14T14:38:05","slug":"prateleiras-vazias-panelas-vazias-pratos-vazios-e-estomagos-vazios","status":"publish","type":"post","link":"https:\/\/ultimato.com.br\/sites\/devocional-diaria\/2022\/07\/25\/autor\/elben-cesar\/prateleiras-vazias-panelas-vazias-pratos-vazios-e-estomagos-vazios\/","title":{"rendered":"Prateleiras vazias, panelas vazias, pratos vazios\u00a0e est\u00f4magos vazios"},"content":{"rendered":"<p>Pode haver irm\u00e3os ou irm\u00e3s que precisam de roupa e que n\u00e3o t\u00eam nada para comer.\u00a0(Tg 2.15)<\/p>\n<p>Nessa vers\u00e3o, Tiago diz: \u201cpode haver\u201d. Na quase totalidade das tradu\u00e7\u00f5es\u00a0desse vers\u00edculo, \u00e9 usado o condicional \u201cse houver\u201d. Em outras duas vers\u00f5es, a\u00a0tradu\u00e7\u00e3o \u00e9: \u201c<em>Suponhamos <\/em>[ou \u201cimaginemos\u201d] que um irm\u00e3o ou irm\u00e3 andem\u00a0seminus, sem o sustento di\u00e1rio&#8230;\u201d. H\u00e1 ainda a vers\u00e3o que traduz assim: \u201c<em>Por\u00a0exemplo<\/em>: um irm\u00e3o ou irm\u00e3 n\u00e3o tem o que vestir e lhe falta o p\u00e3o de cada dia\u201d.<\/p>\n<p>Parece que dessa vez Tiago n\u00e3o foi muito realista. Tanto no passado remoto\u00a0como no passado pr\u00f3ximo sempre houve irm\u00e3os e irm\u00e3s sem roupa para cobrir\u00a0a nudez e aquecer o corpo e comida para encher o est\u00f4mago. Hoje isso ainda\u00a0acontece. E amanh\u00e3 vai ser assim tamb\u00e9m, como Jesus mesmo avisou: \u201cOs\u00a0pobres estar\u00e3o sempre com voc\u00eas\u201d (Jo 12.8). Em qualquer \u00e9poca, em qualquer\u00a0aglomerado humano, h\u00e1 prateleiras vazias na dispensa, panelas vazias na\u00a0cozinha, pratos vazios na mesa e irm\u00e3os e irm\u00e3s de est\u00f4mago vazio em casa.\u00a0Por muitos e variados motivos.<\/p>\n<p>H\u00e1 um n\u00famero grande demais de irm\u00e3os e irm\u00e3s que est\u00e3o necessitados\u00a0de roupas e de alimentos, para que seus irm\u00e3os na f\u00e9 possam se dar ao luxo\u00a0de encherem seus est\u00f4magos e se vestirem bem sem se lembrarem deles. Esse\u00a0comportamento \u00e9 gravemente pecaminoso e ser\u00e1 cobrado nesta vida ou na\u00a0eternidade.<\/p>\n<p>\u00c9 verdade que o pecador precisa do evangelho, precisa de Jesus, precisa de\u00a0justifica\u00e7\u00e3o. E precisamos ir por todo o mundo para pregar-lhe as boas novas.\u00a0Mas o pecador, convertido ou n\u00e3o, precisa de p\u00e3o, de roupa, de agasalho,\u00a0de moradia, de assist\u00eancia m\u00e9dica. E a igreja precisa ir ao encontro deles e\u00a0suprir tamb\u00e9m suas necessidades f\u00edsicas. Na ora\u00e7\u00e3o-modelo Jesus incluiu a\u00a0s\u00faplica: \u201cD\u00e1-nos hoje o alimento que precisamos\u201d (Mt 6.11). Por duas vezes,\u00a0ele multiplicou p\u00e3es e peixes para multid\u00f5es enormes, e \u201ctodos comeram e\u00a0ficaram satisfeitos\u201d (Mt 14.20).<strong>\u00a0<\/strong><\/p>\n<div><strong><a href=\"https:\/\/www.ultimato.com.br\/revista\/396\"><img loading=\"lazy\" decoding=\"async\" class=\"alignleft wp-image-9810 size-full\" src=\"https:\/\/ultimato.com.br\/sites\/devocional-diaria\/files\/2022\/07\/show_img.jpg\" alt=\"\" width=\"160\" height=\"210\" \/><\/a>OS CRIST\u00c3OS E O BEM COMUM \u2013 O QUE FAZ A VIDA SER BOA PARA TODOS? (JR 29.7)<\/strong><\/div>\n<div>O subt\u00edtulo da mat\u00e9ria de capa traz uma pergunta crucial: o que faz a vida ser boa para todos? A pergunta \u00e9 crucial pelas respostas, mas tamb\u00e9m \u2013 e antes de tudo \u2013 por causa daqueles que fazem a pergunta. Quem faz este tipo de pergunta pensa al\u00e9m de si e de sua \u201ctribo\u201d. Quem pensa nos outros e se importa com eles compartilha da natureza de seu Pai misericordioso e justo.<\/div>\n<div><\/div>\n<p><strong>\u00a0<\/strong><\/p>\n<p><strong>&gt;&gt; Retirado de\u00a0<em><a href=\"https:\/\/www.ultimato.com.br\/loja\/produtos\/refeicoes-diarias-com-os-discipulos\">Refei\u00e7\u00f5es Di\u00e1rias com os Disc\u00edpulos<\/a><\/em> [Elben C\u00e9sar]. Editora Ultimato.<\/strong><strong>\u00a0<\/strong><\/p>\n<p>Ou\u00e7a as nossas devocionais pelo <a href=\"https:\/\/open.spotify.com\/show\/7CG8DL9dgWZEgPzX3rnk51?si=1dbGejI2TQS16eamNjb2rA\">Spotify<\/a>!<\/p>\n","protected":false},"excerpt":{"rendered":"<p>Pode haver irm\u00e3os ou irm\u00e3s que precisam de roupa e que n\u00e3o t\u00eam nada para comer.\u00a0(Tg 2.15) Nessa vers\u00e3o, Tiago diz: \u201cpode haver\u201d. Na quase totalidade das tradu\u00e7\u00f5es\u00a0desse vers\u00edculo, \u00e9 usado o condicional \u201cse houver\u201d. Em outras duas vers\u00f5es, a\u00a0tradu\u00e7\u00e3o \u00e9: \u201cSuponhamos [ou \u201cimaginemos\u201d] que um irm\u00e3o ou irm\u00e3 andem\u00a0seminus, sem o sustento di\u00e1rio&#8230;\u201d. H\u00e1 [&hellip;]<\/p>\n","protected":false},"author":21,"featured_media":165,"comment_status":"open","ping_status":"open","sticky":false,"template":"","format":"standard","meta":{"ngg_post_thumbnail":0,"footnotes":""},"categories":[5478],"tags":[],"class_list":["post-9809","post","type-post","status-publish","format-standard","has-post-thumbnail","hentry","category-elben-cesar"],"publishpress_future_action":{"enabled":false,"date":"2026-05-07 03:27:50","action":"change-status","newStatus":"draft","terms":[],"taxonomy":"category","extraData":[]},"publishpress_future_workflow_manual_trigger":{"enabledWorkflows":[]},"_links":{"self":[{"href":"https:\/\/ultimato.com.br\/sites\/devocional-diaria\/wp-json\/wp\/v2\/posts\/9809","targetHints":{"allow":["GET"]}}],"collection":[{"href":"https:\/\/ultimato.com.br\/sites\/devocional-diaria\/wp-json\/wp\/v2\/posts"}],"about":[{"href":"https:\/\/ultimato.com.br\/sites\/devocional-diaria\/wp-json\/wp\/v2\/types\/post"}],"author":[{"embeddable":true,"href":"https:\/\/ultimato.com.br\/sites\/devocional-diaria\/wp-json\/wp\/v2\/users\/21"}],"replies":[{"embeddable":true,"href":"https:\/\/ultimato.com.br\/sites\/devocional-diaria\/wp-json\/wp\/v2\/comments?post=9809"}],"version-history":[{"count":3,"href":"https:\/\/ultimato.com.br\/sites\/devocional-diaria\/wp-json\/wp\/v2\/posts\/9809\/revisions"}],"predecessor-version":[{"id":9813,"href":"https:\/\/ultimato.com.br\/sites\/devocional-diaria\/wp-json\/wp\/v2\/posts\/9809\/revisions\/9813"}],"wp:featuredmedia":[{"embeddable":true,"href":"https:\/\/ultimato.com.br\/sites\/devocional-diaria\/wp-json\/wp\/v2\/media\/165"}],"wp:attachment":[{"href":"https:\/\/ultimato.com.br\/sites\/devocional-diaria\/wp-json\/wp\/v2\/media?parent=9809"}],"wp:term":[{"taxonomy":"category","embeddable":true,"href":"https:\/\/ultimato.com.br\/sites\/devocional-diaria\/wp-json\/wp\/v2\/categories?post=9809"},{"taxonomy":"post_tag","embeddable":true,"href":"https:\/\/ultimato.com.br\/sites\/devocional-diaria\/wp-json\/wp\/v2\/tags?post=9809"}],"curies":[{"name":"wp","href":"https:\/\/api.w.org\/{rel}","templated":true}]}}