{"id":9807,"date":"2022-07-24T00:00:05","date_gmt":"2022-07-24T02:00:05","guid":{"rendered":"https:\/\/ultimato.com.br\/sites\/devocional-diaria\/?p=9807"},"modified":"2022-07-14T12:34:00","modified_gmt":"2022-07-14T14:34:00","slug":"o-pai-nosso-desdobrado","status":"publish","type":"post","link":"https:\/\/ultimato.com.br\/sites\/devocional-diaria\/2022\/07\/24\/autor\/stanley-jones\/o-pai-nosso-desdobrado\/","title":{"rendered":"O Pai-Nosso desdobrado"},"content":{"rendered":"<p>Salmos 34.1-10<\/p>\n<p>A palavra <em>nosso <\/em>\u00e9 uma palavra-chave. Deixe-a de fora, e a\u00a0ora\u00e7\u00e3o n\u00e3o ter\u00e1 efeito, pois ser\u00e1 assim: \u201cD\u00e1-me, perdoa-me, n\u00e3o me deixes cair,\u00a0livra-me\u201d. A pr\u00f3pria natureza da ora\u00e7\u00e3o passaria do social para o individual. Todo\u00a0o desenvolvimento da religi\u00e3o \u00e9 o desenvolvimento da palavra <em>nosso<\/em>. Quando \u00e9\u00a0verdadeiramente cristianizada, a palavra <em>nosso <\/em>inclui todos de toda ra\u00e7a e cor, at\u00e9 os\u00a0inimigos. O sumo sacerdote, quando entrava no Santo dos Santos, usava no peito o\u00a0nome das doze tribos de Israel. Quando entramos na presen\u00e7a do Senhor, usamos\u00a0uma simples palavra, uma palavra que vai al\u00e9m das rela\u00e7\u00f5es tribais, a palavra <em>nosso<\/em>.\u00a0Ent\u00e3o, quando dizemos \u201cPai nosso\u201d, nessas duas palavras est\u00e3o a paternidade de\u00a0Deus e a fraternidade da humanidade. Dois mundos revelados em duas palavras.<\/p>\n<p>Chegamos agora ao segundo passo, \u201co teu nome\u201d. A palavra <em>nome, <\/em>na Escritura,\u00a0significa o car\u00e1ter. Orar \u201cem nome de Jesus\u201d significa orar \u201cno car\u00e1ter de Jesus\u201d.\u00a0Em outras palavras, fazemos uma ora\u00e7\u00e3o consistente com o car\u00e1ter de Jesus, o tipo\u00a0de ora\u00e7\u00e3o que Jesus faria. Isso \u00e9 o que determina se a ora\u00e7\u00e3o \u00e9 crist\u00e3.<\/p>\n<p>\u201cSantificado seja o teu nome\u201d (\u201cteu nome seja reverenciado\u201d, tradu\u00e7\u00e3o livre). Em\u00a0outras palavras, \u201cseu car\u00e1ter seja reverenciado\u201d \u00e9 a minha primeira considera\u00e7\u00e3o.\u00a0Jesus p\u00f4s em primeiro lugar a coisa determinante (o car\u00e1ter de Deus), enquanto\u00a0n\u00f3s colocamos a coisa determinante (o car\u00e1ter de Jesus, \u201cem nome de Jesus\u201d) por\u00a0\u00faltimo. Talvez fosse melhor se come\u00e7\u00e1ssemos nossas ora\u00e7\u00f5es dizendo: \u201cSenhor,\u00a0estou fazendo esta ora\u00e7\u00e3o no car\u00e1ter de Jesus. Ele a aprovaria. Ela se enquadra\u00a0em seu car\u00e1ter\u201d. Isso faria com que muitas ora\u00e7\u00f5es morressem em nossos l\u00e1bios.\u00a0Assim como o mu\u00e7ulmano que lava os p\u00e9s antes de entrar na mesquita, isso\u00a0lavaria nossa boca, nosso cora\u00e7\u00e3o, nossos motivos. \u201cSeu car\u00e1ter seja reverenciado\u00a0primeiro, antes dos meus desejos, das minhas peti\u00e7\u00f5es.\u201d Tal atitude coloca o car\u00e1ter\u00a0de Deus em primeiro lugar e minhas reivindica\u00e7\u00f5es, em segundo; coloca ambas\u00a0as coisas no devido lugar. Tamb\u00e9m esclarece os dois itens seguintes: \u201co teu reino,\u00a0a tua vontade\u201d. A \u201cvontade\u201d de Deus, como expressa no \u201creino\u201d de Deus, n\u00e3o \u00e9\u00a0arbitr\u00e1ria e caprichosa. \u00c9 uma express\u00e3o do car\u00e1ter de Deus. Uma coisa n\u00e3o \u00e9\u00a0certa porque Deus a diz; Deus a diz porque ela \u00e9 certa.<\/p>\n<p><em>\u00d3 Deus, vejo que as tuas leis e os teus decretos n\u00e3o s\u00e3o decis\u00f5es arbitr\u00e1rias de um onipotente\u00a0soberano, mas a pr\u00f3pria express\u00e3o da tua natureza \u2013 uma revela\u00e7\u00e3o de ti mesmo.\u00a0Em meio a eles, sentimos o batimento card\u00edaco do Amor. Am\u00e9m.\u00a0<\/em><\/p>\n<p>Afirma\u00e7\u00e3o do dia: \u201cO teu reino \u00e9 reino eterno, e o teu dom\u00ednio permanece de\u00a0gera\u00e7\u00e3o em gera\u00e7\u00e3o\u201d (Sl 145.13).<\/p>\n<p><strong>\u00a0<\/strong><\/p>\n<p><strong>&gt;&gt; Retirado de\u00a0<em><a href=\"https:\/\/www.ultimato.com.br\/loja\/produtos\/o-caminho\">O Caminho<\/a><\/em> [Stanley Jones]. Editora Ultimato.<\/strong><\/p>\n","protected":false},"excerpt":{"rendered":"<p>Salmos 34.1-10 A palavra nosso \u00e9 uma palavra-chave. Deixe-a de fora, e a\u00a0ora\u00e7\u00e3o n\u00e3o ter\u00e1 efeito, pois ser\u00e1 assim: \u201cD\u00e1-me, perdoa-me, n\u00e3o me deixes cair,\u00a0livra-me\u201d. A pr\u00f3pria natureza da ora\u00e7\u00e3o passaria do social para o individual. Todo\u00a0o desenvolvimento da religi\u00e3o \u00e9 o desenvolvimento da palavra nosso. Quando \u00e9\u00a0verdadeiramente cristianizada, a palavra nosso inclui todos de [&hellip;]<\/p>\n","protected":false},"author":21,"featured_media":166,"comment_status":"open","ping_status":"open","sticky":false,"template":"","format":"standard","meta":{"ngg_post_thumbnail":0,"footnotes":""},"categories":[40852],"tags":[],"class_list":["post-9807","post","type-post","status-publish","format-standard","has-post-thumbnail","hentry","category-stanley-jones"],"publishpress_future_action":{"enabled":false,"date":"2026-05-07 04:21:05","action":"change-status","newStatus":"draft","terms":[],"taxonomy":"category","extraData":[]},"publishpress_future_workflow_manual_trigger":{"enabledWorkflows":[]},"_links":{"self":[{"href":"https:\/\/ultimato.com.br\/sites\/devocional-diaria\/wp-json\/wp\/v2\/posts\/9807","targetHints":{"allow":["GET"]}}],"collection":[{"href":"https:\/\/ultimato.com.br\/sites\/devocional-diaria\/wp-json\/wp\/v2\/posts"}],"about":[{"href":"https:\/\/ultimato.com.br\/sites\/devocional-diaria\/wp-json\/wp\/v2\/types\/post"}],"author":[{"embeddable":true,"href":"https:\/\/ultimato.com.br\/sites\/devocional-diaria\/wp-json\/wp\/v2\/users\/21"}],"replies":[{"embeddable":true,"href":"https:\/\/ultimato.com.br\/sites\/devocional-diaria\/wp-json\/wp\/v2\/comments?post=9807"}],"version-history":[{"count":1,"href":"https:\/\/ultimato.com.br\/sites\/devocional-diaria\/wp-json\/wp\/v2\/posts\/9807\/revisions"}],"predecessor-version":[{"id":9808,"href":"https:\/\/ultimato.com.br\/sites\/devocional-diaria\/wp-json\/wp\/v2\/posts\/9807\/revisions\/9808"}],"wp:featuredmedia":[{"embeddable":true,"href":"https:\/\/ultimato.com.br\/sites\/devocional-diaria\/wp-json\/wp\/v2\/media\/166"}],"wp:attachment":[{"href":"https:\/\/ultimato.com.br\/sites\/devocional-diaria\/wp-json\/wp\/v2\/media?parent=9807"}],"wp:term":[{"taxonomy":"category","embeddable":true,"href":"https:\/\/ultimato.com.br\/sites\/devocional-diaria\/wp-json\/wp\/v2\/categories?post=9807"},{"taxonomy":"post_tag","embeddable":true,"href":"https:\/\/ultimato.com.br\/sites\/devocional-diaria\/wp-json\/wp\/v2\/tags?post=9807"}],"curies":[{"name":"wp","href":"https:\/\/api.w.org\/{rel}","templated":true}]}}