{"id":9805,"date":"2022-07-23T00:00:53","date_gmt":"2022-07-23T02:00:53","guid":{"rendered":"https:\/\/ultimato.com.br\/sites\/devocional-diaria\/?p=9805"},"modified":"2022-07-14T12:29:32","modified_gmt":"2022-07-14T14:29:32","slug":"graca-e-verdade-2","status":"publish","type":"post","link":"https:\/\/ultimato.com.br\/sites\/devocional-diaria\/2022\/07\/23\/autor\/stanley-jones\/graca-e-verdade-2\/","title":{"rendered":"Gra\u00e7a e verdade"},"content":{"rendered":"<p>Ef\u00e9sios 2.1-8<\/p>\n<p>\u201cMas\u201d, algu\u00e9m pergunta, \u201cesta quest\u00e3o da gra\u00e7a \u00e9 algo imposto \u00e0 vida pela religi\u00e3o\u00a0ou \u00e9 inerente \u00e0 pr\u00f3pria vida?\u201d<\/p>\n<p>Se a f\u00e9 crist\u00e3 fosse algo imposto em vez de algo inerente, ent\u00e3o, \u00e9 claro, n\u00e3o\u00a0poder\u00edamos aceit\u00e1-la. Mas o evangelho diz que a gra\u00e7a est\u00e1 enraizada na realidade:\u00a0\u201cVimos a sua gl\u00f3ria, gl\u00f3ria como do Unig\u00eanito vindo do Pai, cheio de gra\u00e7a e de\u00a0verdade [&#8230;] a gra\u00e7a e a verdade vieram por interm\u00e9dio de Jesus Cristo\u201d (Jo 1.14,\u00a017). Aqui, \u201ca gra\u00e7a e a verdade\u201d est\u00e3o conectadas. A gra\u00e7a \u00e9 parte integrante da\u00a0estrutura da verdade? Sim. Se a gra\u00e7a existisse apenas em certos cap\u00edtulos da vida,\u00a0em vez de estar tecida na trama da vida, ent\u00e3o seria prec\u00e1ria.<\/p>\n<p>Jesus \u201ctrouxe \u00e0 luz a vida e a imortalidade por meio do evangelho\u201d (2Tm 1.10).\u00a0A vida e a imortalidade eram inerentes \u00e0 natureza da realidade, mas foram \u201ctrazidas\u201d\u00a0\u00e0 luz, erguidas da natureza das coisas, explicitadas onde estavam encobertas.\u00a0Cristo trouxe-as \u00e0 luz em sua pr\u00f3pria pessoa. Assim ele trouxe a gra\u00e7a \u00e0 luz, novamente,\u00a0em sua pr\u00f3pria pessoa. \u201cEsta gra\u00e7a nos foi dada em Cristo Jesus desde os\u00a0tempos eternos, sendo agora revelada pela manifesta\u00e7\u00e3o de nosso Salvador, Cristo\u00a0Jesus\u201d (2Tm 1.9-10). Essa gra\u00e7a foi dada \u201cdesde os tempos eternos\u201d. Foi escrita\u00a0na estrutura da verdade, mas tamb\u00e9m foi \u201crevelada\u201d pela manifesta\u00e7\u00e3o de nosso\u00a0Senhor Jesus Cristo. Foi Jesus que revelou a natureza da verdade e, nessa verdade,\u00a0a coisa mais bela revelada \u00e9 a gra\u00e7a.<\/p>\n<p>Podemos ver indica\u00e7\u00f5es e manifesta\u00e7\u00f5es dessa gra\u00e7a em meio \u00e0s leis da natureza.\u00a0Os p\u00e1ssaros, pai e m\u00e3e, emagrecem na busca de alimentos para os seus filhotes e\u00a0se sacrificam sem hesitar para salv\u00e1-los.<\/p>\n<p>Uma m\u00e3e desce ao vale da sombra da morte para trazer seu filho ao mundo e,\u00a0depois, far\u00e1 tudo que o amor pode fazer por esse filho. Vemos gra\u00e7a em cientistas\u00a0que se infectam com germes de doen\u00e7as para encontrar uma maneira de salvar\u00a0outras pessoas do perigo dessas mol\u00e9stias. A vida funciona nesse esp\u00edrito. Algu\u00e9m\u00a0perguntou a um bom capel\u00e3o como ele havia alcan\u00e7ado sucesso. Ele apontou para\u00a0a cruz em sua lapela, dizendo: \u201cEu trabalho por esta cruz, n\u00e3o por isto\u201d, apontando\u00a0depois para a ins\u00edgnia militar em seu ombro. Ele trabalhava pelo amor, n\u00e3o pela lei.<\/p>\n<p><em>\u00d3 Cristo, sei que o teu poder sobre mim \u00e9 o poder da gra\u00e7a, porque em ti caio de joelhos\u00a0por amor. Posso enfrentar a lei, mas me derreto diante da gra\u00e7a. Acho-te irresist\u00edvel \u2013 pois\u00a0o amor fica por detr\u00e1s da minha armadura, e me sinto desarmado diante dele. Estou feliz\u00a0por ser conquistado pelo amor. Am\u00e9m.\u00a0<\/em><\/p>\n<p>Afirma\u00e7\u00e3o do dia: Hoje, a gra\u00e7a de Deus para comigo me tornar\u00e1 gracioso para\u00a0com os outros.<\/p>\n<p><strong>\u00a0<\/strong><\/p>\n<p><strong>&gt;&gt; Retirado de\u00a0<em><a href=\"https:\/\/www.ultimato.com.br\/loja\/produtos\/o-caminho\">O Caminho<\/a><\/em> [Stanley Jones]. Editora Ultimato.<\/strong><\/p>\n","protected":false},"excerpt":{"rendered":"<p>Ef\u00e9sios 2.1-8 \u201cMas\u201d, algu\u00e9m pergunta, \u201cesta quest\u00e3o da gra\u00e7a \u00e9 algo imposto \u00e0 vida pela religi\u00e3o\u00a0ou \u00e9 inerente \u00e0 pr\u00f3pria vida?\u201d Se a f\u00e9 crist\u00e3 fosse algo imposto em vez de algo inerente, ent\u00e3o, \u00e9 claro, n\u00e3o\u00a0poder\u00edamos aceit\u00e1-la. Mas o evangelho diz que a gra\u00e7a est\u00e1 enraizada na realidade:\u00a0\u201cVimos a sua gl\u00f3ria, gl\u00f3ria como do [&hellip;]<\/p>\n","protected":false},"author":21,"featured_media":157,"comment_status":"open","ping_status":"open","sticky":false,"template":"","format":"standard","meta":{"ngg_post_thumbnail":0,"footnotes":""},"categories":[40852],"tags":[],"class_list":["post-9805","post","type-post","status-publish","format-standard","has-post-thumbnail","hentry","category-stanley-jones"],"publishpress_future_action":{"enabled":false,"date":"2026-05-07 04:26:10","action":"change-status","newStatus":"draft","terms":[],"taxonomy":"category","extraData":[]},"publishpress_future_workflow_manual_trigger":{"enabledWorkflows":[]},"_links":{"self":[{"href":"https:\/\/ultimato.com.br\/sites\/devocional-diaria\/wp-json\/wp\/v2\/posts\/9805","targetHints":{"allow":["GET"]}}],"collection":[{"href":"https:\/\/ultimato.com.br\/sites\/devocional-diaria\/wp-json\/wp\/v2\/posts"}],"about":[{"href":"https:\/\/ultimato.com.br\/sites\/devocional-diaria\/wp-json\/wp\/v2\/types\/post"}],"author":[{"embeddable":true,"href":"https:\/\/ultimato.com.br\/sites\/devocional-diaria\/wp-json\/wp\/v2\/users\/21"}],"replies":[{"embeddable":true,"href":"https:\/\/ultimato.com.br\/sites\/devocional-diaria\/wp-json\/wp\/v2\/comments?post=9805"}],"version-history":[{"count":1,"href":"https:\/\/ultimato.com.br\/sites\/devocional-diaria\/wp-json\/wp\/v2\/posts\/9805\/revisions"}],"predecessor-version":[{"id":9806,"href":"https:\/\/ultimato.com.br\/sites\/devocional-diaria\/wp-json\/wp\/v2\/posts\/9805\/revisions\/9806"}],"wp:featuredmedia":[{"embeddable":true,"href":"https:\/\/ultimato.com.br\/sites\/devocional-diaria\/wp-json\/wp\/v2\/media\/157"}],"wp:attachment":[{"href":"https:\/\/ultimato.com.br\/sites\/devocional-diaria\/wp-json\/wp\/v2\/media?parent=9805"}],"wp:term":[{"taxonomy":"category","embeddable":true,"href":"https:\/\/ultimato.com.br\/sites\/devocional-diaria\/wp-json\/wp\/v2\/categories?post=9805"},{"taxonomy":"post_tag","embeddable":true,"href":"https:\/\/ultimato.com.br\/sites\/devocional-diaria\/wp-json\/wp\/v2\/tags?post=9805"}],"curies":[{"name":"wp","href":"https:\/\/api.w.org\/{rel}","templated":true}]}}