{"id":9794,"date":"2022-07-20T00:00:40","date_gmt":"2022-07-20T02:00:40","guid":{"rendered":"https:\/\/ultimato.com.br\/sites\/devocional-diaria\/?p=9794"},"modified":"2022-07-08T14:50:13","modified_gmt":"2022-07-08T16:50:13","slug":"sem-braveza","status":"publish","type":"post","link":"https:\/\/ultimato.com.br\/sites\/devocional-diaria\/2022\/07\/20\/autor\/elben-cesar\/sem-braveza\/","title":{"rendered":"Sem braveza"},"content":{"rendered":"<p>Trata com bondade o teu servo para que eu viva e obede\u00e7a\u00a0\u00e0 tua palavra. (Sl 119.17)<\/p>\n<p>Parece atrevimento, mas n\u00e3o \u00e9. O salmista est\u00e1 fazendo uso\u00a0do direito de s\u00faplica (Mt 7.7), do direito de se aproximar do trono da gra\u00e7a\u00a0com toda a confian\u00e7a, a fim de receber miseric\u00f3rdia e encontrar gra\u00e7a que\u00a0o ajude a sobreviver (Hb 4.16). Em outras palavras, o poeta est\u00e1 fazendo a\u00a0ora\u00e7\u00e3o que todo mundo faz ou deveria fazer: \u201cTem miseric\u00f3rdia de mim\u201d.\u00a0Se Deus tratasse o salmista com braveza, ele n\u00e3o continuaria vivo.<\/p>\n<p>Se Deus tratasse o salmista com severidade, ele estaria perdido. Se Deus n\u00e3o\u00a0fizesse uso de suas miseric\u00f3rdias, o salmista seria consumido. Se o \u00fanico\u00a0escape \u00e9 a bondade de Deus, a ora\u00e7\u00e3o do salmista \u00e9 absolutamente apropriada:\u00a0\u201cTrata com bondade o teu servo para que eu viva\u201d (Sl 119.17).<\/p>\n<p>Sem a bondade de Deus, o que seria de Ar\u00e3o depois do bezerro de ouro\u00a0(\u00cax 32.1-4)? O que seria de Davi depois do adult\u00e9rio e do assassinato de\u00a0Urias? O que seria de Pedro depois da tr\u00edplice nega\u00e7\u00e3o? O que seria de n\u00f3s\u00a0depois de qualquer ato de rebeldia, depois de qualquer atitude de incredulidade,\u00a0depois de qualquer sentimento de ingratid\u00e3o, depois de qualquer\u00a0esc\u00e2ndalo?<\/p>\n<p>Tanto faz orar como o salmista \u2014 \u201cTrata com bondade o teu servo\u201d \u2014\u00a0ou como o filho pr\u00f3digo \u2014 \u201cPai, n\u00e3o sou mais digno de ser chamado teu\u00a0filho; trata-me como um dos teus empregados\u201d (Lc 15.19). No fundo, a\u00a0ora\u00e7\u00e3o \u00e9 a mesma. Ambas confessam a absoluta falta de m\u00e9ritos pessoais\u00a0para negociar o perd\u00e3o de Deus. Ambas expressam a absoluta depend\u00eancia\u00a0da gra\u00e7a, do favor, do amor, da bondade de Deus, sem os quais o perd\u00e3o \u00e9\u00a0imposs\u00edvel.<\/p>\n<p><strong>&gt;&gt; Retirado de\u00a0<em><a href=\"http:\/\/www.ultimato.com.br\/loja\/produtos\/refeicoes-diarias-com-o-sabor-dos-salmos\">Refei\u00e7\u00f5es Di\u00e1rias com o Sabor dos Salmos<\/a><\/em> [Elben C\u00e9sar]. Editora Ultimato.<\/strong><strong>\u00a0<\/strong><\/p>\n<p>Ou\u00e7a as nossas devocionais pelo <a href=\"https:\/\/open.spotify.com\/show\/7CG8DL9dgWZEgPzX3rnk51?si=1dbGejI2TQS16eamNjb2rA\">Spotify<\/a>!<\/p>\n","protected":false},"excerpt":{"rendered":"<p>Trata com bondade o teu servo para que eu viva e obede\u00e7a\u00a0\u00e0 tua palavra. (Sl 119.17) Parece atrevimento, mas n\u00e3o \u00e9. O salmista est\u00e1 fazendo uso\u00a0do direito de s\u00faplica (Mt 7.7), do direito de se aproximar do trono da gra\u00e7a\u00a0com toda a confian\u00e7a, a fim de receber miseric\u00f3rdia e encontrar gra\u00e7a que\u00a0o ajude a sobreviver [&hellip;]<\/p>\n","protected":false},"author":21,"featured_media":163,"comment_status":"open","ping_status":"open","sticky":false,"template":"","format":"standard","meta":{"ngg_post_thumbnail":0,"footnotes":""},"categories":[5478],"tags":[],"class_list":["post-9794","post","type-post","status-publish","format-standard","has-post-thumbnail","hentry","category-elben-cesar"],"publishpress_future_action":{"enabled":false,"date":"2026-05-07 04:16:01","action":"change-status","newStatus":"draft","terms":[],"taxonomy":"category","extraData":[]},"publishpress_future_workflow_manual_trigger":{"enabledWorkflows":[]},"_links":{"self":[{"href":"https:\/\/ultimato.com.br\/sites\/devocional-diaria\/wp-json\/wp\/v2\/posts\/9794","targetHints":{"allow":["GET"]}}],"collection":[{"href":"https:\/\/ultimato.com.br\/sites\/devocional-diaria\/wp-json\/wp\/v2\/posts"}],"about":[{"href":"https:\/\/ultimato.com.br\/sites\/devocional-diaria\/wp-json\/wp\/v2\/types\/post"}],"author":[{"embeddable":true,"href":"https:\/\/ultimato.com.br\/sites\/devocional-diaria\/wp-json\/wp\/v2\/users\/21"}],"replies":[{"embeddable":true,"href":"https:\/\/ultimato.com.br\/sites\/devocional-diaria\/wp-json\/wp\/v2\/comments?post=9794"}],"version-history":[{"count":1,"href":"https:\/\/ultimato.com.br\/sites\/devocional-diaria\/wp-json\/wp\/v2\/posts\/9794\/revisions"}],"predecessor-version":[{"id":9795,"href":"https:\/\/ultimato.com.br\/sites\/devocional-diaria\/wp-json\/wp\/v2\/posts\/9794\/revisions\/9795"}],"wp:featuredmedia":[{"embeddable":true,"href":"https:\/\/ultimato.com.br\/sites\/devocional-diaria\/wp-json\/wp\/v2\/media\/163"}],"wp:attachment":[{"href":"https:\/\/ultimato.com.br\/sites\/devocional-diaria\/wp-json\/wp\/v2\/media?parent=9794"}],"wp:term":[{"taxonomy":"category","embeddable":true,"href":"https:\/\/ultimato.com.br\/sites\/devocional-diaria\/wp-json\/wp\/v2\/categories?post=9794"},{"taxonomy":"post_tag","embeddable":true,"href":"https:\/\/ultimato.com.br\/sites\/devocional-diaria\/wp-json\/wp\/v2\/tags?post=9794"}],"curies":[{"name":"wp","href":"https:\/\/api.w.org\/{rel}","templated":true}]}}