{"id":9790,"date":"2022-07-18T00:00:51","date_gmt":"2022-07-18T02:00:51","guid":{"rendered":"https:\/\/ultimato.com.br\/sites\/devocional-diaria\/?p=9790"},"modified":"2022-07-08T14:46:34","modified_gmt":"2022-07-08T16:46:34","slug":"o-objeto-da-fe-2","status":"publish","type":"post","link":"https:\/\/ultimato.com.br\/sites\/devocional-diaria\/2022\/07\/18\/autor\/elben-cesar\/o-objeto-da-fe-2\/","title":{"rendered":"O objeto da f\u00e9"},"content":{"rendered":"<p>Como \u00e9 pequena a sua f\u00e9! Por que voc\u00ea duvidou? (Mt 14.31)<\/p>\n<p>Logo ap\u00f3s a primeira multiplica\u00e7\u00e3o de p\u00e3es e peixes, Jesus compele os\u00a0disc\u00edpulos a tomar o barco e passar adiante dele para o outro lado do mar da\u00a0Galileia. Ele fica a s\u00f3s para orar. L\u00e1 pelas tr\u00eas horas da madrugada, Jesus vai\u00a0ao encontro deles andando por sobre a superf\u00edcie l\u00edquida do lago. O barco\u00a0j\u00e1 tinha navegado uns cinco quil\u00f4metros e est\u00e1 sendo batido pelas ondas.<\/p>\n<p>Quando os disc\u00edpulos veem o Senhor, sup\u00f5em ser um fantasma e se\u00a0portam como crian\u00e7as assustadas. Jesus se apresenta e eles se acalmam.\u00a0Ent\u00e3o Pedro n\u00e3o perde a oportunidade e diz: \u201cSe \u00e9s tu, Senhor, manda-me\u00a0ir ter contigo por sobre as \u00e1guas\u201d. Jesus o permite e Pedro passa uma perna\u00a0e depois a outra para fora do barco e come\u00e7a a caminhar sobre as ondas. Vai\u00a0tudo bem enquanto o ap\u00f3stolo tem os olhos fixos no Senhor. Mas, quando\u00a0ele repara na for\u00e7a do vento, sente medo e come\u00e7a a submergir. Jesus lhe\u00a0estende a m\u00e3o e ambos sobem ao barco, mas Pedro \u00e9 censurado: \u201cHomem\u00a0de pequena f\u00e9, por que duvidaste?\u201d (Mt 14.31).<\/p>\n<p>Jesus \u00e9 o objeto de sua f\u00e9. Olhando firme e ininterruptamente para ele,\u00a0voc\u00ea faz o imposs\u00edvel. N\u00e3o pense que este imposs\u00edvel \u00e9 s\u00f3 andar sobre as\u00a0\u00e1guas. H\u00e1 uma lista enorme de imposs\u00edveis em sua agenda que precisam ser\u00a0vencidos. E s\u00f3 o ser\u00e3o se voc\u00ea n\u00e3o tirar os olhos de Jesus, autor e consumador\u00a0da f\u00e9 (Hb 12.2). Em Jesus voc\u00ea pode confiar.<\/p>\n<p><strong>\u00a0<\/strong><\/p>\n<p><strong>&gt;&gt; Retirado de\u00a0<em><a href=\"https:\/\/www.ultimato.com.br\/loja\/produtos\/cuide-das-raizes-espere-pelos-frutos\">Cuide das Ra\u00edzes, Espere pelos Frutos<\/a><\/em>, [Elben C\u00e9sar]. Editora Ultimato.<\/strong><\/p>\n<p>Ou\u00e7a as nossas devocionais pelo <a href=\"https:\/\/open.spotify.com\/show\/7CG8DL9dgWZEgPzX3rnk51?si=1dbGejI2TQS16eamNjb2rA\">Spotify<\/a><\/p>\n","protected":false},"excerpt":{"rendered":"<p>Como \u00e9 pequena a sua f\u00e9! Por que voc\u00ea duvidou? (Mt 14.31) Logo ap\u00f3s a primeira multiplica\u00e7\u00e3o de p\u00e3es e peixes, Jesus compele os\u00a0disc\u00edpulos a tomar o barco e passar adiante dele para o outro lado do mar da\u00a0Galileia. Ele fica a s\u00f3s para orar. L\u00e1 pelas tr\u00eas horas da madrugada, Jesus vai\u00a0ao encontro deles [&hellip;]<\/p>\n","protected":false},"author":21,"featured_media":165,"comment_status":"open","ping_status":"open","sticky":false,"template":"","format":"standard","meta":{"ngg_post_thumbnail":0,"footnotes":""},"categories":[5478],"tags":[],"class_list":["post-9790","post","type-post","status-publish","format-standard","has-post-thumbnail","hentry","category-elben-cesar"],"publishpress_future_action":{"enabled":false,"date":"2026-05-07 04:20:08","action":"change-status","newStatus":"draft","terms":[],"taxonomy":"category","extraData":[]},"publishpress_future_workflow_manual_trigger":{"enabledWorkflows":[]},"_links":{"self":[{"href":"https:\/\/ultimato.com.br\/sites\/devocional-diaria\/wp-json\/wp\/v2\/posts\/9790","targetHints":{"allow":["GET"]}}],"collection":[{"href":"https:\/\/ultimato.com.br\/sites\/devocional-diaria\/wp-json\/wp\/v2\/posts"}],"about":[{"href":"https:\/\/ultimato.com.br\/sites\/devocional-diaria\/wp-json\/wp\/v2\/types\/post"}],"author":[{"embeddable":true,"href":"https:\/\/ultimato.com.br\/sites\/devocional-diaria\/wp-json\/wp\/v2\/users\/21"}],"replies":[{"embeddable":true,"href":"https:\/\/ultimato.com.br\/sites\/devocional-diaria\/wp-json\/wp\/v2\/comments?post=9790"}],"version-history":[{"count":1,"href":"https:\/\/ultimato.com.br\/sites\/devocional-diaria\/wp-json\/wp\/v2\/posts\/9790\/revisions"}],"predecessor-version":[{"id":9791,"href":"https:\/\/ultimato.com.br\/sites\/devocional-diaria\/wp-json\/wp\/v2\/posts\/9790\/revisions\/9791"}],"wp:featuredmedia":[{"embeddable":true,"href":"https:\/\/ultimato.com.br\/sites\/devocional-diaria\/wp-json\/wp\/v2\/media\/165"}],"wp:attachment":[{"href":"https:\/\/ultimato.com.br\/sites\/devocional-diaria\/wp-json\/wp\/v2\/media?parent=9790"}],"wp:term":[{"taxonomy":"category","embeddable":true,"href":"https:\/\/ultimato.com.br\/sites\/devocional-diaria\/wp-json\/wp\/v2\/categories?post=9790"},{"taxonomy":"post_tag","embeddable":true,"href":"https:\/\/ultimato.com.br\/sites\/devocional-diaria\/wp-json\/wp\/v2\/tags?post=9790"}],"curies":[{"name":"wp","href":"https:\/\/api.w.org\/{rel}","templated":true}]}}