{"id":9783,"date":"2022-07-02T00:00:51","date_gmt":"2022-07-02T02:00:51","guid":{"rendered":"https:\/\/ultimato.com.br\/sites\/devocional-diaria\/?p=9783"},"modified":"2022-07-01T12:33:36","modified_gmt":"2022-07-01T14:33:36","slug":"consideracao-pela-gloria-de-deus","status":"publish","type":"post","link":"https:\/\/ultimato.com.br\/sites\/devocional-diaria\/2022\/07\/02\/autor\/john-stott\/consideracao-pela-gloria-de-deus\/","title":{"rendered":"Considera\u00e7\u00e3o pela gl\u00f3ria de Deus"},"content":{"rendered":"<p>Pai nosso, que est\u00e1s nos c\u00e9us! Santificado seja o teu nome. Venha o teu Reino; seja feita a tua vontade, assim na terra como no c\u00e9u. \u00a0(Mateus 6.9-10)<\/p>\n<p>A ora\u00e7\u00e3o do Pai-Nosso cont\u00e9m seis peti\u00e7\u00f5es. As tr\u00eas primeiras dizem respeito \u00e0 gl\u00f3ria de Deus (seu nome, seu reino e a sua vontade). J\u00e1 o segundo trio de pedidos se refere a n\u00f3s e \u00e0s nossas necessidades (o p\u00e3o de cada dia, o perd\u00e3o e o livramento). Uma prioridade semelhante \u00e9 reconhecida nos Dez Mandamentos, quando os cinco primeiros lidam com a nossa obriga\u00e7\u00e3o para com Deus, e os outros cinco, com a nossa obriga\u00e7\u00e3o para com o pr\u00f3ximo.<\/p>\n<p>Hoje iremos concentrar nossa aten\u00e7\u00e3o na gl\u00f3ria de Deus em rela\u00e7\u00e3o ao seu nome, seu reino e sua vontade. Um nome representa a pessoa que o tem, sua natureza, car\u00e1ter e atividade. Sendo assim, o \u201cnome\u201d de Deus \u00e9 o pr\u00f3prio Deus, uma vez que revela a si mesmo. Seu nome j\u00e1 \u00e9 santo por ser exaltado acima de todo nome. No entanto, oramos para que ele seja santificado, ou seja, que receba a honra que lhe \u00e9 devida em nossas vidas, na igreja e no mundo.<\/p>\n<p>O reino de Deus \u00e9 o seu dom\u00ednio real, n\u00e3o somente em sua absoluta soberania sobre a natureza e a hist\u00f3ria, mas tamb\u00e9m ao ter entrado no mundo com Jesus. Orar pela vinda do reino \u00e9 orar para que ele cres\u00e7a \u00e0 medida que as pessoas se submetem a Jesus atrav\u00e9s do testemunho da igreja, e para que ele seja consumado quando Jesus retornar em gl\u00f3ria.<\/p>\n<p>A vontade de Deus \u00e9 a vontade daquele que \u00e9 perfeito em conhecimento, amor e poder. Por isso \u00e9 tolice resistir a ela. E \u00e9 sabedoria discerni-la, desej\u00e1-la e cumpri-la. Precisamos orar, portanto, para que a vontade de Deus seja feita na terra assim como no c\u00e9u.<\/p>\n<p>\u00c9 relativamente f\u00e1cil repetir as palavras do Pai-Nosso como um papagaio, ou como um \u201ctagarela\u201d pag\u00e3o. Or\u00e1-las com sinceridade, contudo, tem impli\u00adca\u00e7\u00f5es revolucion\u00e1rias. Nossa prioridade se torna n\u00e3o mais a promo\u00e7\u00e3o do nosso pequeno nome, reino e vontade, mas do de Deus. A nossa capacidade de orar essas peti\u00e7\u00f5es com integridade \u00e9 um teste intenso da realidade e profundidade da nossa profiss\u00e3o crist\u00e3.<\/p>\n<p>Para saber mais: Ef\u00e9sios 1.3-14<strong>\u00a0<\/strong><\/p>\n<p><strong>\u00a0<\/strong><\/p>\n<p><strong>&gt;&gt; Retirado de\u00a0<em><a href=\"https:\/\/www.ultimato.com.br\/loja\/produtos\/a-biblia-toda-o-ano-todo-1\">A B\u00edblia Toda, o Ano Todo<\/a><\/em>\u00a0[John Stott]. Editora Ultimato.<\/strong><\/p>\n","protected":false},"excerpt":{"rendered":"<p>Pai nosso, que est\u00e1s nos c\u00e9us! Santificado seja o teu nome. Venha o teu Reino; seja feita a tua vontade, assim na terra como no c\u00e9u. \u00a0(Mateus 6.9-10) A ora\u00e7\u00e3o do Pai-Nosso cont\u00e9m seis peti\u00e7\u00f5es. As tr\u00eas primeiras dizem respeito \u00e0 gl\u00f3ria de Deus (seu nome, seu reino e a sua vontade). J\u00e1 o segundo [&hellip;]<\/p>\n","protected":false},"author":21,"featured_media":157,"comment_status":"open","ping_status":"open","sticky":false,"template":"","format":"standard","meta":{"ngg_post_thumbnail":0,"footnotes":""},"categories":[5668],"tags":[],"class_list":["post-9783","post","type-post","status-publish","format-standard","has-post-thumbnail","hentry","category-john-stott"],"publishpress_future_action":{"enabled":false,"date":"2026-05-05 05:37:57","action":"change-status","newStatus":"draft","terms":[],"taxonomy":"category","extraData":[]},"publishpress_future_workflow_manual_trigger":{"enabledWorkflows":[]},"_links":{"self":[{"href":"https:\/\/ultimato.com.br\/sites\/devocional-diaria\/wp-json\/wp\/v2\/posts\/9783","targetHints":{"allow":["GET"]}}],"collection":[{"href":"https:\/\/ultimato.com.br\/sites\/devocional-diaria\/wp-json\/wp\/v2\/posts"}],"about":[{"href":"https:\/\/ultimato.com.br\/sites\/devocional-diaria\/wp-json\/wp\/v2\/types\/post"}],"author":[{"embeddable":true,"href":"https:\/\/ultimato.com.br\/sites\/devocional-diaria\/wp-json\/wp\/v2\/users\/21"}],"replies":[{"embeddable":true,"href":"https:\/\/ultimato.com.br\/sites\/devocional-diaria\/wp-json\/wp\/v2\/comments?post=9783"}],"version-history":[{"count":1,"href":"https:\/\/ultimato.com.br\/sites\/devocional-diaria\/wp-json\/wp\/v2\/posts\/9783\/revisions"}],"predecessor-version":[{"id":9784,"href":"https:\/\/ultimato.com.br\/sites\/devocional-diaria\/wp-json\/wp\/v2\/posts\/9783\/revisions\/9784"}],"wp:featuredmedia":[{"embeddable":true,"href":"https:\/\/ultimato.com.br\/sites\/devocional-diaria\/wp-json\/wp\/v2\/media\/157"}],"wp:attachment":[{"href":"https:\/\/ultimato.com.br\/sites\/devocional-diaria\/wp-json\/wp\/v2\/media?parent=9783"}],"wp:term":[{"taxonomy":"category","embeddable":true,"href":"https:\/\/ultimato.com.br\/sites\/devocional-diaria\/wp-json\/wp\/v2\/categories?post=9783"},{"taxonomy":"post_tag","embeddable":true,"href":"https:\/\/ultimato.com.br\/sites\/devocional-diaria\/wp-json\/wp\/v2\/tags?post=9783"}],"curies":[{"name":"wp","href":"https:\/\/api.w.org\/{rel}","templated":true}]}}