{"id":9772,"date":"2022-07-17T00:00:00","date_gmt":"2022-07-17T02:00:00","guid":{"rendered":"https:\/\/ultimato.com.br\/sites\/devocional-diaria\/?p=9772"},"modified":"2022-07-01T11:57:18","modified_gmt":"2022-07-01T13:57:18","slug":"a-vida-de-oracao-do-senhor-6","status":"publish","type":"post","link":"https:\/\/ultimato.com.br\/sites\/devocional-diaria\/2022\/07\/17\/autor\/john-stott\/a-vida-de-oracao-do-senhor-6\/","title":{"rendered":"A vida de ora\u00e7\u00e3o do Senhor"},"content":{"rendered":"<p>De madrugada, quando ainda estava escuro, Jesus levantou-se, saiu de casa e foi para um lugar deserto, onde ficou orando. (Marcos 1.35)<\/p>\n<p>\u00c9 dif\u00edcil para n\u00f3s imaginarmos o n\u00edvel de exig\u00eancia desse minist\u00e9rio triplo de Jesus. Marcos nos d\u00e1 o resumo de um dia comum em Cafarnaum. Ele come\u00e7ou com ensino, e Jesus deixou seus ouvintes impressionados com a autoridade com a qual falava. Not\u00edcias sobre ele se espalharam rapidamente por toda a regi\u00e3o da Galileia, de modo que multid\u00f5es vieram ao seu encon\u00adtro para receberem o ensino e para serem curadas. Naquela noite, depois do entardecer, quando o tempo esfriou e ele esperava por uma refei\u00e7\u00e3o e algum descanso, \u201ctoda a cidade se reuniu \u00e0 porta da casa\u201d (v. 33), e ele curou os enfermos. Soa f\u00e1cil, mas, quando mais tarde, ele curou uma mulher que sofria de hemorragia, lemos que poder saiu dele. Ele deve ter se sentido esgotado. E ainda mais desgastante foi o seu confronto com esp\u00edritos malignos. O reino de Deus havia chegado; o reino do diabo n\u00e3o bateria em retirada sem luta.<\/p>\n<p>Pergunto-me a que horas Jesus foi se deitar naquela noite. Tudo o que sabemos \u00e9 que, depois de um dia intenso de minist\u00e9rio, ele precisava de re\u00adpouso f\u00edsico e espiritual. Muito cedo pela manh\u00e3, Jesus se levantou e foi para um lugar solit\u00e1rio para orar.<\/p>\n<p>Lucas foi o evangelista que demonstrou ter o maior interesse nesse aspecto do comportamento de Jesus. Ele menciona dez ocasi\u00f5es em que Jesus orou, muitas das quais n\u00e3o aparecem nos outros Evangelhos.<\/p>\n<p>Jesus certamente conhecia os vers\u00edculos do Antigo Testamento como Isa\u00edas 40.31: \u201cAqueles que esperam no Senhor renovam as suas for\u00e7as\u201d. Ele buscava essa renova\u00e7\u00e3o de energia na ora\u00e7\u00e3o. N\u00f3s sabemos tamb\u00e9m qu\u00e3o \u00edntima era a sua rela\u00e7\u00e3o com seu Pai, tendo em vista o uso que fez da forma de tratamento diminutiva aramaica \u201cAbba\u201d. O falecido professor Joachim Jeremias escreveu: \u201cEm nenhum lugar na literatura das ora\u00e7\u00f5es do juda\u00edsmo antigo&#8230; essa invoca\u00e7\u00e3o de Deus como Abba \u00e9 encontrada&#8230; Jesus, por outro lado, sempre a usou quando orava\u201d.* Assim, renovado e revigorado por meio da ora\u00e7\u00e3o, Jesus retornava \u00e0s press\u00f5es de seu minist\u00e9rio intenso. \u00c9 essa alter\u00adn\u00e2ncia, entre a ora\u00e7\u00e3o e o minist\u00e9rio, entre a renova\u00e7\u00e3o e o engajamento, que capacitou Jesus para resistir \u00e0s press\u00f5es de seu minist\u00e9rio. E se ele precisava disso, imagine n\u00f3s!<\/p>\n<p>Para saber mais: Marcos 1.21-39<\/p>\n<p>*JEREMIAS, Joachim. <em>The Central Message of the New Testament. <\/em>Londres: SCM, 1965, p. 16-17, 19-21, 30.<strong>\u00a0<\/strong><\/p>\n<p><strong data-wp-editing=\"1\"><a href=\"https:\/\/ultimato.com.br\/sites\/devocional-diaria\/files\/2022\/06\/capa_EB_praticas_devocionais-1.jpg\"><img loading=\"lazy\" decoding=\"async\" class=\"alignright wp-image-9760\" src=\"https:\/\/ultimato.com.br\/sites\/devocional-diaria\/files\/2022\/06\/capa_EB_praticas_devocionais-1-200x300.jpg\" alt=\"\" width=\"100\" height=\"150\" srcset=\"https:\/\/ultimato.com.br\/sites\/devocional-diaria\/files\/2022\/06\/capa_EB_praticas_devocionais-1-200x300.jpg 200w, https:\/\/ultimato.com.br\/sites\/devocional-diaria\/files\/2022\/06\/capa_EB_praticas_devocionais-1.jpg 350w\" sizes=\"auto, (max-width: 100px) 100vw, 100px\" \/><\/a>&gt;&gt; <\/strong>Conhe\u00e7a o lan\u00e7amento <a href=\"https:\/\/www.amazon.com.br\/Pr%C3%A1ticas-Devocionais-B%C3%ADblicos-b%C3%ADblicos-Ultimato-ebook\/dp\/B0B57KG9Q1\/ref=sr_1_1?__mk_pt_BR=%C3%85M%C3%85%C5%BD%C3%95%C3%91&amp;crid=2GRN4220E9FLQ&amp;keywords=praticas+devocionais&amp;qid=1656683562&amp;s=digital-text&amp;sprefix=praticas+devocionai%2Cdigital-text%2C177&amp;sr=1-1\"><em>Pr\u00e1ticas Devocionais \u2013 Estudos b\u00edblicos<\/em><\/a>, dispon\u00edvel em e-book nas melhores livrarias virtuais.<\/p>\n<p><strong>\u00a0<\/strong><\/p>\n<p><strong>&gt;&gt; Retirado de\u00a0<em><a href=\"https:\/\/www.ultimato.com.br\/loja\/produtos\/a-biblia-toda-o-ano-todo-1\">A B\u00edblia Toda, o Ano Todo<\/a><\/em>\u00a0[John Stott]. Editora Ultimato.<\/strong><\/p>\n","protected":false},"excerpt":{"rendered":"<p>De madrugada, quando ainda estava escuro, Jesus levantou-se, saiu de casa e foi para um lugar deserto, onde ficou orando. (Marcos 1.35) \u00c9 dif\u00edcil para n\u00f3s imaginarmos o n\u00edvel de exig\u00eancia desse minist\u00e9rio triplo de Jesus. Marcos nos d\u00e1 o resumo de um dia comum em Cafarnaum. Ele come\u00e7ou com ensino, e Jesus deixou seus [&hellip;]<\/p>\n","protected":false},"author":21,"featured_media":166,"comment_status":"open","ping_status":"open","sticky":false,"template":"","format":"standard","meta":{"ngg_post_thumbnail":0,"footnotes":""},"categories":[5668],"tags":[],"class_list":["post-9772","post","type-post","status-publish","format-standard","has-post-thumbnail","hentry","category-john-stott"],"publishpress_future_action":{"enabled":false,"date":"2026-05-07 05:31:53","action":"change-status","newStatus":"draft","terms":[],"taxonomy":"category","extraData":[]},"publishpress_future_workflow_manual_trigger":{"enabledWorkflows":[]},"_links":{"self":[{"href":"https:\/\/ultimato.com.br\/sites\/devocional-diaria\/wp-json\/wp\/v2\/posts\/9772","targetHints":{"allow":["GET"]}}],"collection":[{"href":"https:\/\/ultimato.com.br\/sites\/devocional-diaria\/wp-json\/wp\/v2\/posts"}],"about":[{"href":"https:\/\/ultimato.com.br\/sites\/devocional-diaria\/wp-json\/wp\/v2\/types\/post"}],"author":[{"embeddable":true,"href":"https:\/\/ultimato.com.br\/sites\/devocional-diaria\/wp-json\/wp\/v2\/users\/21"}],"replies":[{"embeddable":true,"href":"https:\/\/ultimato.com.br\/sites\/devocional-diaria\/wp-json\/wp\/v2\/comments?post=9772"}],"version-history":[{"count":2,"href":"https:\/\/ultimato.com.br\/sites\/devocional-diaria\/wp-json\/wp\/v2\/posts\/9772\/revisions"}],"predecessor-version":[{"id":9782,"href":"https:\/\/ultimato.com.br\/sites\/devocional-diaria\/wp-json\/wp\/v2\/posts\/9772\/revisions\/9782"}],"wp:featuredmedia":[{"embeddable":true,"href":"https:\/\/ultimato.com.br\/sites\/devocional-diaria\/wp-json\/wp\/v2\/media\/166"}],"wp:attachment":[{"href":"https:\/\/ultimato.com.br\/sites\/devocional-diaria\/wp-json\/wp\/v2\/media?parent=9772"}],"wp:term":[{"taxonomy":"category","embeddable":true,"href":"https:\/\/ultimato.com.br\/sites\/devocional-diaria\/wp-json\/wp\/v2\/categories?post=9772"},{"taxonomy":"post_tag","embeddable":true,"href":"https:\/\/ultimato.com.br\/sites\/devocional-diaria\/wp-json\/wp\/v2\/tags?post=9772"}],"curies":[{"name":"wp","href":"https:\/\/api.w.org\/{rel}","templated":true}]}}