{"id":9770,"date":"2022-07-16T00:00:11","date_gmt":"2022-07-16T02:00:11","guid":{"rendered":"https:\/\/ultimato.com.br\/sites\/devocional-diaria\/?p=9770"},"modified":"2022-07-01T11:56:50","modified_gmt":"2022-07-01T13:56:50","slug":"entre-o-pecado-e-o-perdao","status":"publish","type":"post","link":"https:\/\/ultimato.com.br\/sites\/devocional-diaria\/2022\/07\/16\/autor\/elben-cesar\/entre-o-pecado-e-o-perdao\/","title":{"rendered":"Entre o pecado e o perd\u00e3o\u00a0"},"content":{"rendered":"<p>Ent\u00e3o resolvi p\u00f4r tudo para fora. Eu disse: \u201cConfessarei todos os meus pecados\u00a0ao Eterno\u201d. De repente, a press\u00e3o foi embora \u2013 minha culpa evaporou, meu\u00a0pecado desapareceu. (Sl 32.5)<\/p>\n<p>N\u00e3o se passa diretamente do pecado ao perd\u00e3o. O perd\u00e3o existe. E ai de n\u00f3s\u00a0se ele n\u00e3o existisse. O perd\u00e3o retira um fardo de sobre as costas que ningu\u00e9m\u00a0suporta. S\u00f3 o perd\u00e3o pode levantar a m\u00e3o de Deus que pesa dia e noite sobre\u00a0aquele que est\u00e1 em pecado. O perd\u00e3o acaba com o senso de culpa, com os\u00a0pesadelos, com a agita\u00e7\u00e3o nervosa, com o sobressalto. O perd\u00e3o restaura a\u00a0sa\u00fade e o bom humor. O perd\u00e3o devolve a alegria que o pecado roubou.<\/p>\n<p>Mas h\u00e1 um problema muito s\u00e9rio, imposs\u00edvel de ser contornado. \u00c9 que\u00a0entre o pecado e o perd\u00e3o h\u00e1 uma passagem obrigat\u00f3ria que se chama\u00a0arrependimento. Deus n\u00e3o autoriza ningu\u00e9m a falar em perd\u00e3o sem falar\u00a0antes em arrependimento. Tanto Jo\u00e3o Batista, o precursor, como Jesus, o\u00a0<em>precursado<\/em>, iniciaram a ora\u00e7\u00e3o com este apelo: \u201cArrependei-vos porque est\u00e1 pr\u00f3ximo o reino dos c\u00e9us\u201d (Mt 3.2; 4.17). Quando a multid\u00e3o, que estava em Jerusal\u00e9m no dia de Pentecostes, perguntou aos ap\u00f3stolos o que deveriam fazer frente \u00e0 forte convic\u00e7\u00e3o de pecado que tomou conta deles, Pedro respondeu de imediato: \u201cArrependei-vos, e cada um de v\u00f3s seja batizado em nome de Jesus Cristo para remiss\u00e3o dos vossos pecados, e recebereis o dom do Esp\u00edrito Santo\u201d (At 2.38).<\/p>\n<p>Sem arrependimento o perd\u00e3o n\u00e3o acontece. Perd\u00e3o sem arrependimento\u00a0estimula o pr\u00f3ximo pecado e gera cinismo. Perd\u00e3o sem arrependimento\u00a0n\u00e3o cura ningu\u00e9m, n\u00e3o transforma ningu\u00e9m. Perd\u00e3o sem arrependimento\u00a0n\u00e3o torna ningu\u00e9m ex-assassino, ex-assaltante, ex-id\u00f3latra, ex-avarento, exad\u00faltero,\u00a0ex-sodomita. Perd\u00e3o sem arrependimento pode encher os templos\u00a0religiosos, mas n\u00e3o enche a igreja do Deus vivo. Perd\u00e3o sem arrependimento\u00a0\u00e9 uma blasf\u00eamia contra a santidade de Deus.<strong>\u00a0<\/strong><\/p>\n<p><strong><a href=\"https:\/\/www.amazon.com.br\/Pr%C3%A1ticas-Devocionais-B%C3%ADblicos-b%C3%ADblicos-Ultimato-ebook\/dp\/B0B57KG9Q1\/ref=sr_1_1?__mk_pt_BR=%C3%85M%C3%85%C5%BD%C3%95%C3%91&amp;crid=2GRN4220E9FLQ&amp;keywords=praticas+devocionais&amp;qid=1656683562&amp;s=digital-text&amp;sprefix=praticas+devocionai%2Cdigital-text%2C177&amp;sr=1-1\"><img loading=\"lazy\" decoding=\"async\" class=\"alignright wp-image-9760\" src=\"https:\/\/ultimato.com.br\/sites\/devocional-diaria\/files\/2022\/06\/capa_EB_praticas_devocionais-1-200x300.jpg\" alt=\"\" width=\"100\" height=\"150\" srcset=\"https:\/\/ultimato.com.br\/sites\/devocional-diaria\/files\/2022\/06\/capa_EB_praticas_devocionais-1-200x300.jpg 200w, https:\/\/ultimato.com.br\/sites\/devocional-diaria\/files\/2022\/06\/capa_EB_praticas_devocionais-1.jpg 350w\" sizes=\"auto, (max-width: 100px) 100vw, 100px\" \/><\/a>&gt;&gt; <\/strong>Conhe\u00e7a o lan\u00e7amento <a href=\"https:\/\/www.amazon.com.br\/Pr%C3%A1ticas-Devocionais-B%C3%ADblicos-b%C3%ADblicos-Ultimato-ebook\/dp\/B0B57KG9Q1\/ref=sr_1_1?__mk_pt_BR=%C3%85M%C3%85%C5%BD%C3%95%C3%91&amp;crid=2GRN4220E9FLQ&amp;keywords=praticas+devocionais&amp;qid=1656683562&amp;s=digital-text&amp;sprefix=praticas+devocionai%2Cdigital-text%2C177&amp;sr=1-1\"><em>Pr\u00e1ticas Devocionais \u2013 Estudos b\u00edblicos<\/em><\/a>, dispon\u00edvel em e-book nas melhores livrarias virtuais.<\/p>\n<p><strong>\u00a0<\/strong><\/p>\n<p><strong>&gt;&gt; Retirado de\u00a0<em><a href=\"https:\/\/www.ultimato.com.br\/loja\/produtos\/cuide-das-raizes-espere-pelos-frutos\">Cuide das Ra\u00edzes, Espere pelos Frutos<\/a><\/em>, [Elben C\u00e9sar]. Editora Ultimato.<\/strong><\/p>\n","protected":false},"excerpt":{"rendered":"<p>Ent\u00e3o resolvi p\u00f4r tudo para fora. Eu disse: \u201cConfessarei todos os meus pecados\u00a0ao Eterno\u201d. De repente, a press\u00e3o foi embora \u2013 minha culpa evaporou, meu\u00a0pecado desapareceu. (Sl 32.5) N\u00e3o se passa diretamente do pecado ao perd\u00e3o. O perd\u00e3o existe. E ai de n\u00f3s\u00a0se ele n\u00e3o existisse. O perd\u00e3o retira um fardo de sobre as costas [&hellip;]<\/p>\n","protected":false},"author":21,"featured_media":157,"comment_status":"open","ping_status":"open","sticky":false,"template":"","format":"standard","meta":{"ngg_post_thumbnail":0,"footnotes":""},"categories":[5478],"tags":[],"class_list":["post-9770","post","type-post","status-publish","format-standard","has-post-thumbnail","hentry","category-elben-cesar"],"publishpress_future_action":{"enabled":false,"date":"2026-05-07 04:29:59","action":"change-status","newStatus":"draft","terms":[],"taxonomy":"category","extraData":[]},"publishpress_future_workflow_manual_trigger":{"enabledWorkflows":[]},"_links":{"self":[{"href":"https:\/\/ultimato.com.br\/sites\/devocional-diaria\/wp-json\/wp\/v2\/posts\/9770","targetHints":{"allow":["GET"]}}],"collection":[{"href":"https:\/\/ultimato.com.br\/sites\/devocional-diaria\/wp-json\/wp\/v2\/posts"}],"about":[{"href":"https:\/\/ultimato.com.br\/sites\/devocional-diaria\/wp-json\/wp\/v2\/types\/post"}],"author":[{"embeddable":true,"href":"https:\/\/ultimato.com.br\/sites\/devocional-diaria\/wp-json\/wp\/v2\/users\/21"}],"replies":[{"embeddable":true,"href":"https:\/\/ultimato.com.br\/sites\/devocional-diaria\/wp-json\/wp\/v2\/comments?post=9770"}],"version-history":[{"count":2,"href":"https:\/\/ultimato.com.br\/sites\/devocional-diaria\/wp-json\/wp\/v2\/posts\/9770\/revisions"}],"predecessor-version":[{"id":9781,"href":"https:\/\/ultimato.com.br\/sites\/devocional-diaria\/wp-json\/wp\/v2\/posts\/9770\/revisions\/9781"}],"wp:featuredmedia":[{"embeddable":true,"href":"https:\/\/ultimato.com.br\/sites\/devocional-diaria\/wp-json\/wp\/v2\/media\/157"}],"wp:attachment":[{"href":"https:\/\/ultimato.com.br\/sites\/devocional-diaria\/wp-json\/wp\/v2\/media?parent=9770"}],"wp:term":[{"taxonomy":"category","embeddable":true,"href":"https:\/\/ultimato.com.br\/sites\/devocional-diaria\/wp-json\/wp\/v2\/categories?post=9770"},{"taxonomy":"post_tag","embeddable":true,"href":"https:\/\/ultimato.com.br\/sites\/devocional-diaria\/wp-json\/wp\/v2\/tags?post=9770"}],"curies":[{"name":"wp","href":"https:\/\/api.w.org\/{rel}","templated":true}]}}