{"id":9768,"date":"2022-07-15T00:00:44","date_gmt":"2022-07-15T02:00:44","guid":{"rendered":"https:\/\/ultimato.com.br\/sites\/devocional-diaria\/?p=9768"},"modified":"2022-07-01T11:56:30","modified_gmt":"2022-07-01T13:56:30","slug":"aprendendo-a-orar","status":"publish","type":"post","link":"https:\/\/ultimato.com.br\/sites\/devocional-diaria\/2022\/07\/15\/autor\/christian-gillis\/aprendendo-a-orar\/","title":{"rendered":"Aprendendo a orar"},"content":{"rendered":"<p>Mantenham-se firmes na ora\u00e7\u00e3o e n\u00e3o se cansem de dar gra\u00e7as a Deus. (Colossenses 4.2)<\/p>\n<p>Estar diante de Deus \u00e9 sublime. O encontro da pessoa com o Senhor Criador\u00a0\u00e9 momento de profunda satisfa\u00e7\u00e3o e prazer para o cora\u00e7\u00e3o. Na presen\u00e7a de\u00a0Deus, a alma conecta-se com os anelos mais profundos do ser, sintonizando-se\u00a0com os prop\u00f3sitos divinos para a exist\u00eancia.<\/p>\n<p>Ent\u00e3o, qual \u00e9 a raz\u00e3o para a dificuldade de orar, de separar um tempo para\u00a0a ora\u00e7\u00e3o e de permanecer diante de Deus com regularidade?<\/p>\n<p>Quais s\u00e3o os problemas de nossa alma, de nosso ser, de nossa ess\u00eancia, que impedem nossa dedica\u00e7\u00e3o \u00e0 ora\u00e7\u00e3o e \u00e0 amizade com o Deus que \u00e9 Pai? Se o ser humano anseia pela comunh\u00e3o com o divino, e na verdade s\u00f3 encontra descanso interior quando descansa em Deus, por qual motivo temos tanta dificuldade para orar? Se a ora\u00e7\u00e3o \u00e9 t\u00e3o boa, por que raz\u00f5es oramos t\u00e3o pouco? Seria o profundo orgulho enraizado no cora\u00e7\u00e3o que impede a depend\u00eancia de Deus?<\/p>\n<p>Seria o vazio existencial decorrente do pecado que nos direciona a outras\u00a0fun\u00e7\u00f5es? Seria a distra\u00e7\u00e3o com a agita\u00e7\u00e3o exterior que impede a alma inquieta\u00a0de saborear a paz espiritual?<\/p>\n<p>Apesar da dificuldade pessoal com a ora\u00e7\u00e3o constante, Deus simplesmente\u00a0est\u00e1 \u201corando a n\u00f3s\u201d; ele continua nos chamando e nos convidando a estar com\u00a0ele, a estar diante dele e a descobrir nossa real condi\u00e7\u00e3o em sua presen\u00e7a.<\/p>\n<p>A ora\u00e7\u00e3o \u00e9 decisiva para a sa\u00fade espiritual. Ela expressa a verdadeira\u00a0depend\u00eancia de Deus, da gra\u00e7a e da capacita\u00e7\u00e3o que vem do para vivermos.\u00a0Assim \u00e9 essencial aprender a arte de orar e de permanecer em ora\u00e7\u00e3o.\u00a0Que bom que o Esp\u00edrito \u00e9 o professor que nos ensina a orar como conv\u00e9m\u00a0(Rm 8.26) na escola da ora\u00e7\u00e3o.\u00a0Senhor, tenho consci\u00eancia de minha enorme inconst\u00e2ncia na ora\u00e7\u00e3o. Concede-me\u00a0gra\u00e7a e ensina-me a orar para, assim, poder compreender que vida abundante \u00e9\u00a0estar em tua presen\u00e7a. Am\u00e9m.<a href=\"https:\/\/www.amazon.com.br\/Pr%C3%A1ticas-Devocionais-B%C3%ADblicos-b%C3%ADblicos-Ultimato-ebook\/dp\/B0B57KG9Q1\/ref=sr_1_1?__mk_pt_BR=%C3%85M%C3%85%C5%BD%C3%95%C3%91&amp;crid=2GRN4220E9FLQ&amp;keywords=praticas+devocionais&amp;qid=1656683562&amp;s=digital-text&amp;sprefix=praticas+devocionai%2Cdigital-text%2C177&amp;sr=1-1\"><img loading=\"lazy\" decoding=\"async\" class=\"alignright wp-image-9760\" src=\"https:\/\/ultimato.com.br\/sites\/devocional-diaria\/files\/2022\/06\/capa_EB_praticas_devocionais-1-200x300.jpg\" alt=\"\" width=\"100\" height=\"150\" srcset=\"https:\/\/ultimato.com.br\/sites\/devocional-diaria\/files\/2022\/06\/capa_EB_praticas_devocionais-1-200x300.jpg 200w, https:\/\/ultimato.com.br\/sites\/devocional-diaria\/files\/2022\/06\/capa_EB_praticas_devocionais-1.jpg 350w\" sizes=\"auto, (max-width: 100px) 100vw, 100px\" \/><\/a><\/p>\n<p><strong>&gt;&gt; <\/strong>Conhe\u00e7a o lan\u00e7amento <a href=\"https:\/\/www.amazon.com.br\/Pr%C3%A1ticas-Devocionais-B%C3%ADblicos-b%C3%ADblicos-Ultimato-ebook\/dp\/B0B57KG9Q1\/ref=sr_1_1?__mk_pt_BR=%C3%85M%C3%85%C5%BD%C3%95%C3%91&amp;crid=2GRN4220E9FLQ&amp;keywords=praticas+devocionais&amp;qid=1656683562&amp;s=digital-text&amp;sprefix=praticas+devocionai%2Cdigital-text%2C177&amp;sr=1-1\"><em>Pr\u00e1ticas Devocionais \u2013 Estudos b\u00edblicos<\/em><\/a>, dispon\u00edvel em e-book nas melhores livrarias virtuais.<\/p>\n<p><strong>\u00a0<\/strong><\/p>\n<p><strong>&gt;&gt; Retirado de\u00a0<em><a href=\"https:\/\/www.ultimato.com.br\/loja\/produtos\/refeicoes-diarias-celebrando-a-reconciliacao\">Refei\u00e7\u00f5es Di\u00e1rias \u2013 Celebrando a Reconcilia\u00e7\u00e3o<\/a><\/em>. Editora Ultimato.<\/strong><\/p>\n<p>Ou\u00e7a as nossas devocionais pelo <a href=\"https:\/\/open.spotify.com\/show\/7CG8DL9dgWZEgPzX3rnk51?si=1dbGejI2TQS16eamNjb2rA\">Spotify<\/a>!<\/p>\n","protected":false},"excerpt":{"rendered":"<p>Mantenham-se firmes na ora\u00e7\u00e3o e n\u00e3o se cansem de dar gra\u00e7as a Deus. (Colossenses 4.2) Estar diante de Deus \u00e9 sublime. O encontro da pessoa com o Senhor Criador\u00a0\u00e9 momento de profunda satisfa\u00e7\u00e3o e prazer para o cora\u00e7\u00e3o. Na presen\u00e7a de\u00a0Deus, a alma conecta-se com os anelos mais profundos do ser, sintonizando-se\u00a0com os prop\u00f3sitos divinos [&hellip;]<\/p>\n","protected":false},"author":21,"featured_media":161,"comment_status":"open","ping_status":"open","sticky":false,"template":"","format":"standard","meta":{"ngg_post_thumbnail":0,"footnotes":""},"categories":[40862],"tags":[],"class_list":["post-9768","post","type-post","status-publish","format-standard","has-post-thumbnail","hentry","category-christian-gillis"],"publishpress_future_action":{"enabled":false,"date":"2026-05-04 23:17:03","action":"change-status","newStatus":"draft","terms":[],"taxonomy":"category","extraData":[]},"publishpress_future_workflow_manual_trigger":{"enabledWorkflows":[]},"_links":{"self":[{"href":"https:\/\/ultimato.com.br\/sites\/devocional-diaria\/wp-json\/wp\/v2\/posts\/9768","targetHints":{"allow":["GET"]}}],"collection":[{"href":"https:\/\/ultimato.com.br\/sites\/devocional-diaria\/wp-json\/wp\/v2\/posts"}],"about":[{"href":"https:\/\/ultimato.com.br\/sites\/devocional-diaria\/wp-json\/wp\/v2\/types\/post"}],"author":[{"embeddable":true,"href":"https:\/\/ultimato.com.br\/sites\/devocional-diaria\/wp-json\/wp\/v2\/users\/21"}],"replies":[{"embeddable":true,"href":"https:\/\/ultimato.com.br\/sites\/devocional-diaria\/wp-json\/wp\/v2\/comments?post=9768"}],"version-history":[{"count":2,"href":"https:\/\/ultimato.com.br\/sites\/devocional-diaria\/wp-json\/wp\/v2\/posts\/9768\/revisions"}],"predecessor-version":[{"id":9780,"href":"https:\/\/ultimato.com.br\/sites\/devocional-diaria\/wp-json\/wp\/v2\/posts\/9768\/revisions\/9780"}],"wp:featuredmedia":[{"embeddable":true,"href":"https:\/\/ultimato.com.br\/sites\/devocional-diaria\/wp-json\/wp\/v2\/media\/161"}],"wp:attachment":[{"href":"https:\/\/ultimato.com.br\/sites\/devocional-diaria\/wp-json\/wp\/v2\/media?parent=9768"}],"wp:term":[{"taxonomy":"category","embeddable":true,"href":"https:\/\/ultimato.com.br\/sites\/devocional-diaria\/wp-json\/wp\/v2\/categories?post=9768"},{"taxonomy":"post_tag","embeddable":true,"href":"https:\/\/ultimato.com.br\/sites\/devocional-diaria\/wp-json\/wp\/v2\/tags?post=9768"}],"curies":[{"name":"wp","href":"https:\/\/api.w.org\/{rel}","templated":true}]}}