{"id":9764,"date":"2022-07-13T00:00:32","date_gmt":"2022-07-13T02:00:32","guid":{"rendered":"https:\/\/ultimato.com.br\/sites\/devocional-diaria\/?p=9764"},"modified":"2022-07-01T11:55:28","modified_gmt":"2022-07-01T13:55:28","slug":"com-os-humildes-esta-a-sabedoria","status":"publish","type":"post","link":"https:\/\/ultimato.com.br\/sites\/devocional-diaria\/2022\/07\/13\/autor\/elben-cesar\/com-os-humildes-esta-a-sabedoria\/","title":{"rendered":"Com os humildes est\u00e1 a sabedoria"},"content":{"rendered":"<p>Priscila e \u00c1quila o ouviram falar; ent\u00e3o o levaram para a casa deles e lhe explicaram melhor\u00a0o Caminho de Deus. (18.26)<\/p>\n<p>Al\u00e9m das virtudes expl\u00edcitas de Apolo, o livro de Atos menciona mais uma:\u00a0a humildade do bem-sucedido pregador eg\u00edpcio demonstrada pela sua disposi\u00e7\u00e3o\u00a0de ouvir e aceitar a observa\u00e7\u00e3o de Priscila e \u00c1quila a respeito do\u00a0batismo de Jesus. A B\u00edblia diz que a simp\u00e1tica Priscila e seu marido \u00c1quila,\u00a0ao ouvirem a palavra de Apolo, \u201co levaram para a casa deles e lhe explicaram\u00a0melhor o Caminho de Deus\u201d (18.26). Foi esse casal que atualizou Apolo\u00a0no que diz respeito ao Pentecostes. O reparo n\u00e3o foi feito em p\u00fablico, mas\u00a0em particular, dentro das quatro paredes da casa de \u00c1quila, portanto, de\u00a0forma discreta e reservada.<\/p>\n<p>A cabe\u00e7a cheia de altos conhecimentos acad\u00eamicos pode tornar o pregador\u00a0ou o te\u00f3logo arrogante e fechado para qualquer cr\u00edtica. Nem Apolo\u00a0nem Paulo eram assim. Paulo n\u00e3o se sentiu humilhado quando os crentes\u00a0de Bereia s\u00f3 aceitaram o seu ensino depois de conferir em casa se o que\u00a0ap\u00f3stolo dizia era mesmo verdade de acordo com as Escrituras (17.11). Ao\u00a0contr\u00e1rio, Paulo os elogiou por isso.<\/p>\n<p>Deve ter sido dif\u00edcil para Paulo fazer o que Priscila e \u00c1quila haviam feito,\u00a0quando ele foi obrigado, a bem do evangelho, a contestar Pedro em p\u00fablico,\u00a0por ele estar \u201ccompletamente errado\u201d ao querer \u201cobrigar os n\u00e3o judeus a\u00a0viverem como judeus\u201d (Gl 2.11-14). Neste caso, o assunto foi tratado em\u00a0p\u00fablico e n\u00e3o reservadamente, por causa do envolvimento de muitas pessoas\u00a0e por causa da proje\u00e7\u00e3o de Pedro.<\/p>\n<p>\u00c9 bem poss\u00edvel que Apolo conhecesse o prov\u00e9rbio: \u201cO orgulhoso ser\u00e1\u00a0logo humilhado; mas com os humildes est\u00e1 a sabedoria\u201d (Pv 11.2).<strong>\u00a0<\/strong><\/p>\n<p><strong><a href=\"https:\/\/www.amazon.com.br\/Pr%C3%A1ticas-Devocionais-B%C3%ADblicos-b%C3%ADblicos-Ultimato-ebook\/dp\/B0B57KG9Q1\/ref=sr_1_1?__mk_pt_BR=%C3%85M%C3%85%C5%BD%C3%95%C3%91&amp;crid=2GRN4220E9FLQ&amp;keywords=praticas+devocionais&amp;qid=1656683562&amp;s=digital-text&amp;sprefix=praticas+devocionai%2Cdigital-text%2C177&amp;sr=1-1\"><img loading=\"lazy\" decoding=\"async\" class=\"alignright wp-image-9760\" src=\"https:\/\/ultimato.com.br\/sites\/devocional-diaria\/files\/2022\/06\/capa_EB_praticas_devocionais-1-200x300.jpg\" alt=\"\" width=\"100\" height=\"150\" srcset=\"https:\/\/ultimato.com.br\/sites\/devocional-diaria\/files\/2022\/06\/capa_EB_praticas_devocionais-1-200x300.jpg 200w, https:\/\/ultimato.com.br\/sites\/devocional-diaria\/files\/2022\/06\/capa_EB_praticas_devocionais-1.jpg 350w\" sizes=\"auto, (max-width: 100px) 100vw, 100px\" \/><\/a>&gt;&gt; <\/strong>Conhe\u00e7a o lan\u00e7amento <a href=\"https:\/\/www.amazon.com.br\/Pr%C3%A1ticas-Devocionais-B%C3%ADblicos-b%C3%ADblicos-Ultimato-ebook\/dp\/B0B57KG9Q1\/ref=sr_1_1?__mk_pt_BR=%C3%85M%C3%85%C5%BD%C3%95%C3%91&amp;crid=2GRN4220E9FLQ&amp;keywords=praticas+devocionais&amp;qid=1656683562&amp;s=digital-text&amp;sprefix=praticas+devocionai%2Cdigital-text%2C177&amp;sr=1-1\"><em>Pr\u00e1ticas Devocionais \u2013 Estudos b\u00edblicos<\/em><\/a>, dispon\u00edvel em e-book nas melhores livrarias virtuais.<\/p>\n<p>&nbsp;<\/p>\n<p><strong>&gt; Retirado de\u00a0<\/strong><strong><em><a href=\"https:\/\/www.ultimato.com.br\/loja\/produtos\/refeicoes-diarias\">Refei\u00e7\u00f5es Di\u00e1rias \u2013 no partir do p\u00e3o e na ora\u00e7\u00e3o<\/a><\/em><\/strong><strong> [Elben C\u00e9sar]. <\/strong><strong>Editora Ultimato.<\/strong><\/p>\n<p>Ou\u00e7a as nossas devocionais pelo <a href=\"https:\/\/open.spotify.com\/show\/7CG8DL9dgWZEgPzX3rnk51?si=1dbGejI2TQS16eamNjb2rA\">Spotify<\/a>!<\/p>\n","protected":false},"excerpt":{"rendered":"<p>Priscila e \u00c1quila o ouviram falar; ent\u00e3o o levaram para a casa deles e lhe explicaram melhor\u00a0o Caminho de Deus. (18.26) Al\u00e9m das virtudes expl\u00edcitas de Apolo, o livro de Atos menciona mais uma:\u00a0a humildade do bem-sucedido pregador eg\u00edpcio demonstrada pela sua disposi\u00e7\u00e3o\u00a0de ouvir e aceitar a observa\u00e7\u00e3o de Priscila e \u00c1quila a respeito do\u00a0batismo [&hellip;]<\/p>\n","protected":false},"author":21,"featured_media":163,"comment_status":"open","ping_status":"open","sticky":false,"template":"","format":"standard","meta":{"ngg_post_thumbnail":0,"footnotes":""},"categories":[5478],"tags":[],"class_list":["post-9764","post","type-post","status-publish","format-standard","has-post-thumbnail","hentry","category-elben-cesar"],"publishpress_future_action":{"enabled":false,"date":"2026-05-05 02:19:25","action":"change-status","newStatus":"draft","terms":[],"taxonomy":"category","extraData":[]},"publishpress_future_workflow_manual_trigger":{"enabledWorkflows":[]},"_links":{"self":[{"href":"https:\/\/ultimato.com.br\/sites\/devocional-diaria\/wp-json\/wp\/v2\/posts\/9764","targetHints":{"allow":["GET"]}}],"collection":[{"href":"https:\/\/ultimato.com.br\/sites\/devocional-diaria\/wp-json\/wp\/v2\/posts"}],"about":[{"href":"https:\/\/ultimato.com.br\/sites\/devocional-diaria\/wp-json\/wp\/v2\/types\/post"}],"author":[{"embeddable":true,"href":"https:\/\/ultimato.com.br\/sites\/devocional-diaria\/wp-json\/wp\/v2\/users\/21"}],"replies":[{"embeddable":true,"href":"https:\/\/ultimato.com.br\/sites\/devocional-diaria\/wp-json\/wp\/v2\/comments?post=9764"}],"version-history":[{"count":4,"href":"https:\/\/ultimato.com.br\/sites\/devocional-diaria\/wp-json\/wp\/v2\/posts\/9764\/revisions"}],"predecessor-version":[{"id":9778,"href":"https:\/\/ultimato.com.br\/sites\/devocional-diaria\/wp-json\/wp\/v2\/posts\/9764\/revisions\/9778"}],"wp:featuredmedia":[{"embeddable":true,"href":"https:\/\/ultimato.com.br\/sites\/devocional-diaria\/wp-json\/wp\/v2\/media\/163"}],"wp:attachment":[{"href":"https:\/\/ultimato.com.br\/sites\/devocional-diaria\/wp-json\/wp\/v2\/media?parent=9764"}],"wp:term":[{"taxonomy":"category","embeddable":true,"href":"https:\/\/ultimato.com.br\/sites\/devocional-diaria\/wp-json\/wp\/v2\/categories?post=9764"},{"taxonomy":"post_tag","embeddable":true,"href":"https:\/\/ultimato.com.br\/sites\/devocional-diaria\/wp-json\/wp\/v2\/tags?post=9764"}],"curies":[{"name":"wp","href":"https:\/\/api.w.org\/{rel}","templated":true}]}}