{"id":9762,"date":"2022-07-12T00:00:38","date_gmt":"2022-07-12T02:00:38","guid":{"rendered":"https:\/\/ultimato.com.br\/sites\/devocional-diaria\/?p=9762"},"modified":"2022-07-01T11:54:45","modified_gmt":"2022-07-01T13:54:45","slug":"convite-a-alegria","status":"publish","type":"post","link":"https:\/\/ultimato.com.br\/sites\/devocional-diaria\/2022\/07\/12\/autor\/isabelle-ludovico\/convite-a-alegria\/","title":{"rendered":"Convite \u00e0 alegria"},"content":{"rendered":"<p>O cora\u00e7\u00e3o alegre \u00e9 bom rem\u00e9dio, mas o esp\u00edrito abatido faz secar os ossos. (Prov\u00e9rbios 17.22)<\/p>\n<p>A alegria \u00e9 essencial ao nosso bem-estar. Com o consumo, a sociedade d\u00e1\u00a0uma alegria superficial. Mas a verdadeira alegria n\u00e3o pode ser comprada.<\/p>\n<p>Deus d\u00e1 uma alegria como estilo de vida, fruto do Esp\u00edrito, de fonte inesgot\u00e1vel\u00a0em n\u00f3s, a alegria que n\u00e3o depende das circunst\u00e2ncias.<\/p>\n<p>H\u00e1 alegria no dia a dia pela sa\u00fade, natureza, encontros. Somos gratos pela\u00a0vida, por nossa hist\u00f3ria, pois somos fruto da longa corrente de amantes que\u00a0sustentaram a vida a cada gera\u00e7\u00e3o. N\u00e3o apenas a vida, mas o evangelho nos\u00a0alcan\u00e7ou gra\u00e7as \u00e0 fidelidade de testemunhos de gera\u00e7\u00e3o a gera\u00e7\u00e3o. H\u00e1 alegria\u00a0de dias especiais: formatura, casamento, nascimento de um filho, conquista\u00a0do emprego&#8230;<\/p>\n<p>Imaginamos um Deus s\u00e9rio, sisudo. Mas Cristo mostrou que a alegria \u00e9\u00a0prioridade na agenda de milagres. O primeiro sinal realizado por Jesus na\u00a0Galileia foi fazer da \u00e1gua vinho, para tornar a tristeza em alegria. Diz-nos que,\u00a0se recebermos Jesus na nossa casa, para a festa da nossa vida, n\u00e3o significa que\u00a0n\u00e3o iremos sofrer. Somos humanos, erramos e sofremos tamb\u00e9m pelas a\u00e7\u00f5es\u00a0de outros. Mas h\u00e1 uma alegria existencial por saber que Deus nos ama e que\u00a0nada pode nos separa do seu amor.<\/p>\n<p>Primeiro, temos de identificar tudo o que rouba nossa alegria: relacionamentos\u00a0adoecidos, marcados pela agress\u00e3o ou indiferen\u00e7a, cr\u00edtica, des\u00e2nimo,\u00a0inveja. Quem n\u00e3o \u00e9 alegre n\u00e3o se alegra com a alegria do outro. Quem quer\u00a0fugir da tristeza acaba se privando da alegria.<\/p>\n<p>Alegria \u00e9 saber que o sofrimento \u00e9 breve e circunstancial, mas a alegria\u00a0\u00e9 eterna. Nossa alegria pode ser completa, n\u00e3o porque n\u00e3o haja tristeza na\u00a0nossa vida, mas porque sempre h\u00e1 consola\u00e7\u00e3o. Ser consolado \u00e9 transcender\u00a0a dor. O evangelho n\u00e3o \u00e9 uma mensagem de conforma\u00e7\u00e3o com a dor, mas de\u00a0consola\u00e7\u00e3o na dor.<\/p>\n<p>A alegria gera gratid\u00e3o e generosidade: vontade de dar e ver outros felizes.\u00a0Uma das coisas maravilhosas da alegria \u00e9 que quanto mais damos, mais temos.\u00a0Senhor, obrigada por seres a fonte inesgot\u00e1vel de alegria.<strong>\u00a0<\/strong><\/p>\n<p><strong><a href=\"https:\/\/www.amazon.com.br\/Pr%C3%A1ticas-Devocionais-B%C3%ADblicos-b%C3%ADblicos-Ultimato-ebook\/dp\/B0B57KG9Q1\/ref=sr_1_1?__mk_pt_BR=%C3%85M%C3%85%C5%BD%C3%95%C3%91&amp;crid=2GRN4220E9FLQ&amp;keywords=praticas+devocionais&amp;qid=1656683562&amp;s=digital-text&amp;sprefix=praticas+devocionai%2Cdigital-text%2C177&amp;sr=1-1\"><img loading=\"lazy\" decoding=\"async\" class=\"alignright wp-image-9760\" src=\"https:\/\/ultimato.com.br\/sites\/devocional-diaria\/files\/2022\/06\/capa_EB_praticas_devocionais-1-200x300.jpg\" alt=\"\" width=\"100\" height=\"150\" srcset=\"https:\/\/ultimato.com.br\/sites\/devocional-diaria\/files\/2022\/06\/capa_EB_praticas_devocionais-1-200x300.jpg 200w, https:\/\/ultimato.com.br\/sites\/devocional-diaria\/files\/2022\/06\/capa_EB_praticas_devocionais-1.jpg 350w\" sizes=\"auto, (max-width: 100px) 100vw, 100px\" \/><\/a>&gt;&gt; <\/strong>Conhe\u00e7a o lan\u00e7amento <a href=\"https:\/\/www.amazon.com.br\/Pr%C3%A1ticas-Devocionais-B%C3%ADblicos-b%C3%ADblicos-Ultimato-ebook\/dp\/B0B57KG9Q1\/ref=sr_1_1?__mk_pt_BR=%C3%85M%C3%85%C5%BD%C3%95%C3%91&amp;crid=2GRN4220E9FLQ&amp;keywords=praticas+devocionais&amp;qid=1656683562&amp;s=digital-text&amp;sprefix=praticas+devocionai%2Cdigital-text%2C177&amp;sr=1-1\"><em>Pr\u00e1ticas Devocionais \u2013 Estudos b\u00edblicos<\/em><\/a>, dispon\u00edvel em e-book nas melhores livrarias virtuais.<\/p>\n<p><strong>\u00a0<\/strong><\/p>\n<p><strong>&gt;&gt; Retirado de\u00a0<em><a href=\"https:\/\/www.ultimato.com.br\/loja\/produtos\/refeicoes-diarias-celebrando-a-reconciliacao\">Refei\u00e7\u00f5es Di\u00e1rias \u2013 Celebrando a Reconcilia\u00e7\u00e3o<\/a><\/em>. Editora Ultimato.<\/strong><\/p>\n<p>Ou\u00e7a as nossas devocionais pelo <a href=\"https:\/\/open.spotify.com\/show\/7CG8DL9dgWZEgPzX3rnk51?si=1dbGejI2TQS16eamNjb2rA\">Spotify<\/a>!<\/p>\n","protected":false},"excerpt":{"rendered":"<p>O cora\u00e7\u00e3o alegre \u00e9 bom rem\u00e9dio, mas o esp\u00edrito abatido faz secar os ossos. (Prov\u00e9rbios 17.22) A alegria \u00e9 essencial ao nosso bem-estar. Com o consumo, a sociedade d\u00e1\u00a0uma alegria superficial. Mas a verdadeira alegria n\u00e3o pode ser comprada. Deus d\u00e1 uma alegria como estilo de vida, fruto do Esp\u00edrito, de fonte inesgot\u00e1vel\u00a0em n\u00f3s, a [&hellip;]<\/p>\n","protected":false},"author":21,"featured_media":164,"comment_status":"open","ping_status":"open","sticky":false,"template":"","format":"standard","meta":{"ngg_post_thumbnail":0,"footnotes":""},"categories":[15965],"tags":[],"class_list":["post-9762","post","type-post","status-publish","format-standard","has-post-thumbnail","hentry","category-isabelle-ludovico"],"publishpress_future_action":{"enabled":false,"date":"2026-05-05 02:41:57","action":"change-status","newStatus":"draft","terms":[],"taxonomy":"category","extraData":[]},"publishpress_future_workflow_manual_trigger":{"enabledWorkflows":[]},"_links":{"self":[{"href":"https:\/\/ultimato.com.br\/sites\/devocional-diaria\/wp-json\/wp\/v2\/posts\/9762","targetHints":{"allow":["GET"]}}],"collection":[{"href":"https:\/\/ultimato.com.br\/sites\/devocional-diaria\/wp-json\/wp\/v2\/posts"}],"about":[{"href":"https:\/\/ultimato.com.br\/sites\/devocional-diaria\/wp-json\/wp\/v2\/types\/post"}],"author":[{"embeddable":true,"href":"https:\/\/ultimato.com.br\/sites\/devocional-diaria\/wp-json\/wp\/v2\/users\/21"}],"replies":[{"embeddable":true,"href":"https:\/\/ultimato.com.br\/sites\/devocional-diaria\/wp-json\/wp\/v2\/comments?post=9762"}],"version-history":[{"count":2,"href":"https:\/\/ultimato.com.br\/sites\/devocional-diaria\/wp-json\/wp\/v2\/posts\/9762\/revisions"}],"predecessor-version":[{"id":9777,"href":"https:\/\/ultimato.com.br\/sites\/devocional-diaria\/wp-json\/wp\/v2\/posts\/9762\/revisions\/9777"}],"wp:featuredmedia":[{"embeddable":true,"href":"https:\/\/ultimato.com.br\/sites\/devocional-diaria\/wp-json\/wp\/v2\/media\/164"}],"wp:attachment":[{"href":"https:\/\/ultimato.com.br\/sites\/devocional-diaria\/wp-json\/wp\/v2\/media?parent=9762"}],"wp:term":[{"taxonomy":"category","embeddable":true,"href":"https:\/\/ultimato.com.br\/sites\/devocional-diaria\/wp-json\/wp\/v2\/categories?post=9762"},{"taxonomy":"post_tag","embeddable":true,"href":"https:\/\/ultimato.com.br\/sites\/devocional-diaria\/wp-json\/wp\/v2\/tags?post=9762"}],"curies":[{"name":"wp","href":"https:\/\/api.w.org\/{rel}","templated":true}]}}