{"id":9759,"date":"2022-07-11T00:00:21","date_gmt":"2022-07-11T02:00:21","guid":{"rendered":"https:\/\/ultimato.com.br\/sites\/devocional-diaria\/?p=9759"},"modified":"2022-07-01T11:54:18","modified_gmt":"2022-07-01T13:54:18","slug":"o-carregador-e-o-bode-expiatorio-2","status":"publish","type":"post","link":"https:\/\/ultimato.com.br\/sites\/devocional-diaria\/2022\/07\/11\/autor\/elben-cesar\/o-carregador-e-o-bode-expiatorio-2\/","title":{"rendered":"O carregador e o bode expiat\u00f3rio"},"content":{"rendered":"<p>Ele recebeu o castigo, e isso nos restaurou. Por meio das feridas dele,\u00a0somos curados. (Is 53.5)<\/p>\n<p>Em poucas palavras, o salmista resume o que Deus fez pelo povo de Israel\u00a0quando o tirou da terra do Egito, da opress\u00e3o de Fara\u00f3: \u201cTirei o peso dos\u00a0seus ombros: suas m\u00e3os ficaram livres dos cestos de cargas\u201d (Sl 81.6).<\/p>\n<p>Esse vers\u00edculo ajuda a entender e real\u00e7a a obra vic\u00e1ria de Jesus Cristo:\u00a0\u201cComo ovelhas est\u00e1vamos todos perdidos, cada qual ia em frente por seu\u00a0caminho. Foi ent\u00e3o que o Senhor <em>fez cair sobre ele o peso dos pecados de todos\u00a0n\u00f3s<\/em>\u201d (Is 53.6).<\/p>\n<p>Deus tira de sobre o homem o peso insuport\u00e1vel que as for\u00e7as opressoras\u00a0colocam em cima de seus ombros e coloca sobre os ombros do seu Filho o\u00a0peso insuport\u00e1vel do pecado que ele tirou de n\u00f3s.<\/p>\n<p>Feito literalmente nosso <em>carregador <\/em>(aquele que carrega a bagagem, no\u00a0caso, os nossos muitos pecados), Jesus se faz tamb\u00e9m nosso <em>bode expiat\u00f3rio\u00a0<\/em>(aquele sobre quem se fazia recair as culpas alheias, no caso, nossas pr\u00f3prias).\u00a0Assim, o perd\u00e3o, a justifica\u00e7\u00e3o e a salva\u00e7\u00e3o tornam-se mais do que vi\u00e1veis.\u00a0Tornam-se fatos concretos.<\/p>\n<p>Retirar de Jesus essa qualidade redentora \u00e9 reduzir a nada o cristianismo,\u00a0\u00e9 jogar no lixo e no esquecimento as boas not\u00edcias de que falou o anjo no\u00a0dia do primeiro Natal.<\/p>\n<p>Se foi assim que Deus quis redimir-nos, ningu\u00e9m pode pregar outro\u00a0evangelho porque outro n\u00e3o existe. Em Jesus voc\u00ea pode confiar.<strong>\u00a0<\/strong><\/p>\n<p><strong><a href=\"https:\/\/www.amazon.com.br\/Pr%C3%A1ticas-Devocionais-B%C3%ADblicos-b%C3%ADblicos-Ultimato-ebook\/dp\/B0B57KG9Q1\/ref=sr_1_1?__mk_pt_BR=%C3%85M%C3%85%C5%BD%C3%95%C3%91&amp;crid=2GRN4220E9FLQ&amp;keywords=praticas+devocionais&amp;qid=1656683562&amp;s=digital-text&amp;sprefix=praticas+devocionai%2Cdigital-text%2C177&amp;sr=1-1\"><img loading=\"lazy\" decoding=\"async\" class=\"alignright wp-image-9760\" src=\"https:\/\/ultimato.com.br\/sites\/devocional-diaria\/files\/2022\/06\/capa_EB_praticas_devocionais-1-200x300.jpg\" alt=\"\" width=\"100\" height=\"150\" srcset=\"https:\/\/ultimato.com.br\/sites\/devocional-diaria\/files\/2022\/06\/capa_EB_praticas_devocionais-1-200x300.jpg 200w, https:\/\/ultimato.com.br\/sites\/devocional-diaria\/files\/2022\/06\/capa_EB_praticas_devocionais-1.jpg 350w\" sizes=\"auto, (max-width: 100px) 100vw, 100px\" \/><\/a>&gt;&gt; <\/strong>Conhe\u00e7a o lan\u00e7amento <a href=\"https:\/\/www.amazon.com.br\/Pr%C3%A1ticas-Devocionais-B%C3%ADblicos-b%C3%ADblicos-Ultimato-ebook\/dp\/B0B57KG9Q1\/ref=sr_1_1?__mk_pt_BR=%C3%85M%C3%85%C5%BD%C3%95%C3%91&amp;crid=2GRN4220E9FLQ&amp;keywords=praticas+devocionais&amp;qid=1656683562&amp;s=digital-text&amp;sprefix=praticas+devocionai%2Cdigital-text%2C177&amp;sr=1-1\"><em>Pr\u00e1ticas Devocionais \u2013 Estudos b\u00edblicos<\/em><\/a>, dispon\u00edvel em e-book nas melhores livrarias virtuais.<\/p>\n<p><strong>\u00a0<\/strong><\/p>\n<p><strong>&gt;&gt; Retirado de\u00a0<em><a href=\"https:\/\/www.ultimato.com.br\/loja\/produtos\/cuide-das-raizes-espere-pelos-frutos\">Cuide das Ra\u00edzes, Espere pelos Frutos<\/a><\/em>, [Elben C\u00e9sar]. Editora Ultimato.<\/strong><\/p>\n<p>Ou\u00e7a as nossas devocionais pelo <a href=\"https:\/\/open.spotify.com\/show\/7CG8DL9dgWZEgPzX3rnk51?si=1dbGejI2TQS16eamNjb2rA\">Spotify<\/a>!<\/p>\n","protected":false},"excerpt":{"rendered":"<p>Ele recebeu o castigo, e isso nos restaurou. Por meio das feridas dele,\u00a0somos curados. (Is 53.5) Em poucas palavras, o salmista resume o que Deus fez pelo povo de Israel\u00a0quando o tirou da terra do Egito, da opress\u00e3o de Fara\u00f3: \u201cTirei o peso dos\u00a0seus ombros: suas m\u00e3os ficaram livres dos cestos de cargas\u201d (Sl 81.6). [&hellip;]<\/p>\n","protected":false},"author":21,"featured_media":0,"comment_status":"open","ping_status":"open","sticky":false,"template":"","format":"standard","meta":{"ngg_post_thumbnail":0,"footnotes":""},"categories":[5478],"tags":[],"class_list":["post-9759","post","type-post","status-publish","format-standard","hentry","category-elben-cesar"],"publishpress_future_action":{"enabled":false,"date":"2026-05-05 01:11:58","action":"change-status","newStatus":"draft","terms":[],"taxonomy":"category","extraData":[]},"publishpress_future_workflow_manual_trigger":{"enabledWorkflows":[]},"_links":{"self":[{"href":"https:\/\/ultimato.com.br\/sites\/devocional-diaria\/wp-json\/wp\/v2\/posts\/9759","targetHints":{"allow":["GET"]}}],"collection":[{"href":"https:\/\/ultimato.com.br\/sites\/devocional-diaria\/wp-json\/wp\/v2\/posts"}],"about":[{"href":"https:\/\/ultimato.com.br\/sites\/devocional-diaria\/wp-json\/wp\/v2\/types\/post"}],"author":[{"embeddable":true,"href":"https:\/\/ultimato.com.br\/sites\/devocional-diaria\/wp-json\/wp\/v2\/users\/21"}],"replies":[{"embeddable":true,"href":"https:\/\/ultimato.com.br\/sites\/devocional-diaria\/wp-json\/wp\/v2\/comments?post=9759"}],"version-history":[{"count":2,"href":"https:\/\/ultimato.com.br\/sites\/devocional-diaria\/wp-json\/wp\/v2\/posts\/9759\/revisions"}],"predecessor-version":[{"id":9776,"href":"https:\/\/ultimato.com.br\/sites\/devocional-diaria\/wp-json\/wp\/v2\/posts\/9759\/revisions\/9776"}],"wp:attachment":[{"href":"https:\/\/ultimato.com.br\/sites\/devocional-diaria\/wp-json\/wp\/v2\/media?parent=9759"}],"wp:term":[{"taxonomy":"category","embeddable":true,"href":"https:\/\/ultimato.com.br\/sites\/devocional-diaria\/wp-json\/wp\/v2\/categories?post=9759"},{"taxonomy":"post_tag","embeddable":true,"href":"https:\/\/ultimato.com.br\/sites\/devocional-diaria\/wp-json\/wp\/v2\/tags?post=9759"}],"curies":[{"name":"wp","href":"https:\/\/api.w.org\/{rel}","templated":true}]}}