{"id":9756,"date":"2022-07-08T00:00:26","date_gmt":"2022-07-08T02:00:26","guid":{"rendered":"https:\/\/ultimato.com.br\/sites\/devocional-diaria\/?p=9756"},"modified":"2022-06-28T09:32:29","modified_gmt":"2022-06-28T11:32:29","slug":"apreciacao","status":"publish","type":"post","link":"https:\/\/ultimato.com.br\/sites\/devocional-diaria\/2022\/07\/08\/autor\/gerson-borges\/apreciacao\/","title":{"rendered":"Aprecia\u00e7\u00e3o"},"content":{"rendered":"<p>E Deus viu tudo o que havia feito, e tudo havia ficado muito bom. Passaram-se a tarde e a manh\u00e3; esse foi o sexto dia. (G\u00eanesis 1.31)<\/p>\n<p>Falamos de criatividade, de pessoas criativas, arte, beleza, poesia, contudo dever\u00edamos falar de apenas um Criador \u2013 Deus. S\u00f3 ele tirou do nada o tudo. S\u00f3 ele, pelo poder de sua Palavra, e pela \u201cpalavra do seu poder\u201d (Hb 1.3). Quanto a n\u00f3s, ainda que criemos com nossas palavras e nossas m\u00e3os, somos no m\u00e1ximo cocriadores, parceiros dele. E \u00e9 encantador ver em G\u00eanesis 1, na narrativa da Cria\u00e7\u00e3o dos c\u00e9us, da terra e do ser humano, uma frase que se repete: \u201cViu Deus que era bom\u201d. Deus n\u00e3o apenas nos motiva e exorta a cocriar, a querer buscar o cosmos (belo, harmonioso) no meio do caos (sem beleza, sem harmonia), a enfrentar o que \u00e9 sem forma e vazio na realidade de nossa vida comum, pequena, no varejo das mis\u00e9rias do cotidiano, como tamb\u00e9m nos ensina a apreciar o que brota da vida, de nossa vida, nossa arte \u2013 mesmo quando n\u00e3o chamamos de arte, mesmo que n\u00e3o pare\u00e7a poesia.<\/p>\n<p>O que h\u00e1 de bom no que fiz ontem? O que h\u00e1 de bom trabalho de minhas m\u00e3os? Por que preciso tanto da aprecia\u00e7\u00e3o alheia, do reconhecimento dos outros? Por que n\u00e3o posso eu mesmo olhar para um almo\u00e7o agrad\u00e1vel que preparei, uma palestra caprichada que fiz, um texto belo que escrevi, uma pequena can\u00e7\u00e3o cantarolada enquanto lavo o carro, arrumo o escrit\u00f3rio, e dizer: \u201cQue bom isso!\u201d ou \u201cFicou bom!\u201d? Devemos apreciar nosso trabalho n\u00e3o pelos resultados quantitativos, mas pelo fato de que trabalhar \u2013 criando ou n\u00e3o arte \u2013 revela em n\u00f3s a imagem e a semelhan\u00e7a do Eterno. E se n\u00e3o sou capaz de apreciar aquilo que fa\u00e7o, quem ser\u00e1? Deus fez o que fez para si mesmo. Que eu o imite \u2013 e depois dedique a ele o fruto de meu trabalho realizado com esmero.\u00a0\u00a0Preciso aprender contigo, \u00f3 Eterno, a apreciar o que crio; ali\u00e1s, o que \u201crecrio\u201d, o que \u201ccocrio\u201d. Teu exemplo \u00e9 maior do que costumeiramente percebo, distra\u00eddo com o que falta ou com o que n\u00e3o ficou muito bom. Ajuda-me a trocar a busca pelo perfeccionismo pela gratid\u00e3o dos que sabem dizer: \u201cFicou bom; sim, de fato ficou bom!\u201d. Am\u00e9m.<\/p>\n<p><strong><a href=\"https:\/\/www.amazon.com.br\/Disc%C3%ADpulo-Radical-B%C3%ADblicos-b%C3%ADblicos-Ultimato-ebook\/dp\/B0B44BW6XS\/ref=sr_1_2\"><img loading=\"lazy\" decoding=\"async\" class=\"alignright wp-image-9739\" src=\"https:\/\/ultimato.com.br\/sites\/devocional-diaria\/files\/2022\/06\/capa_EB_discipulo_radical-200x300.jpg\" alt=\"\" width=\"100\" height=\"150\" srcset=\"https:\/\/ultimato.com.br\/sites\/devocional-diaria\/files\/2022\/06\/capa_EB_discipulo_radical-200x300.jpg 200w, https:\/\/ultimato.com.br\/sites\/devocional-diaria\/files\/2022\/06\/capa_EB_discipulo_radical.jpg 350w\" sizes=\"auto, (max-width: 100px) 100vw, 100px\" \/><\/a>&gt;&gt; <\/strong>Conhe\u00e7a o lan\u00e7amento <strong><a href=\"https:\/\/www.amazon.com.br\/Disc%C3%ADpulo-Radical-B%C3%ADblicos-b%C3%ADblicos-Ultimato-ebook\/dp\/B0B44BW6XS\/ref=sr_1_2\"><em>O Disc\u00edpulo Radical \u2013 Estudos b\u00edblicos<\/em><\/a><\/strong>, dispon\u00edvel em e-book nas melhores livrarias virtuais.<\/p>\n<p>&nbsp;<\/p>\n<p><strong>&gt;&gt; Retirado de\u00a0<em><a href=\"https:\/\/www.ultimato.com.br\/loja\/produtos\/refeicoes-diarias-celebrando-a-reconciliacao\">Refei\u00e7\u00f5es Di\u00e1rias \u2013 Celebrando a Reconcilia\u00e7\u00e3o<\/a><\/em>. Editora Ultimato.<\/strong><\/p>\n<p>Ou\u00e7a as nossas devocionais pelo <a href=\"https:\/\/open.spotify.com\/show\/7CG8DL9dgWZEgPzX3rnk51?si=1dbGejI2TQS16eamNjb2rA\">Spotify<\/a>!<\/p>\n","protected":false},"excerpt":{"rendered":"<p>E Deus viu tudo o que havia feito, e tudo havia ficado muito bom. Passaram-se a tarde e a manh\u00e3; esse foi o sexto dia. (G\u00eanesis 1.31) Falamos de criatividade, de pessoas criativas, arte, beleza, poesia, contudo dever\u00edamos falar de apenas um Criador \u2013 Deus. S\u00f3 ele tirou do nada o tudo. S\u00f3 ele, pelo [&hellip;]<\/p>\n","protected":false},"author":21,"featured_media":161,"comment_status":"open","ping_status":"open","sticky":false,"template":"","format":"standard","meta":{"ngg_post_thumbnail":0,"footnotes":""},"categories":[166],"tags":[],"class_list":["post-9756","post","type-post","status-publish","format-standard","has-post-thumbnail","hentry","category-gerson-borges"],"publishpress_future_action":{"enabled":false,"date":"2026-05-04 20:50:15","action":"change-status","newStatus":"draft","terms":[],"taxonomy":"category","extraData":[]},"publishpress_future_workflow_manual_trigger":{"enabledWorkflows":[]},"_links":{"self":[{"href":"https:\/\/ultimato.com.br\/sites\/devocional-diaria\/wp-json\/wp\/v2\/posts\/9756","targetHints":{"allow":["GET"]}}],"collection":[{"href":"https:\/\/ultimato.com.br\/sites\/devocional-diaria\/wp-json\/wp\/v2\/posts"}],"about":[{"href":"https:\/\/ultimato.com.br\/sites\/devocional-diaria\/wp-json\/wp\/v2\/types\/post"}],"author":[{"embeddable":true,"href":"https:\/\/ultimato.com.br\/sites\/devocional-diaria\/wp-json\/wp\/v2\/users\/21"}],"replies":[{"embeddable":true,"href":"https:\/\/ultimato.com.br\/sites\/devocional-diaria\/wp-json\/wp\/v2\/comments?post=9756"}],"version-history":[{"count":1,"href":"https:\/\/ultimato.com.br\/sites\/devocional-diaria\/wp-json\/wp\/v2\/posts\/9756\/revisions"}],"predecessor-version":[{"id":9757,"href":"https:\/\/ultimato.com.br\/sites\/devocional-diaria\/wp-json\/wp\/v2\/posts\/9756\/revisions\/9757"}],"wp:featuredmedia":[{"embeddable":true,"href":"https:\/\/ultimato.com.br\/sites\/devocional-diaria\/wp-json\/wp\/v2\/media\/161"}],"wp:attachment":[{"href":"https:\/\/ultimato.com.br\/sites\/devocional-diaria\/wp-json\/wp\/v2\/media?parent=9756"}],"wp:term":[{"taxonomy":"category","embeddable":true,"href":"https:\/\/ultimato.com.br\/sites\/devocional-diaria\/wp-json\/wp\/v2\/categories?post=9756"},{"taxonomy":"post_tag","embeddable":true,"href":"https:\/\/ultimato.com.br\/sites\/devocional-diaria\/wp-json\/wp\/v2\/tags?post=9756"}],"curies":[{"name":"wp","href":"https:\/\/api.w.org\/{rel}","templated":true}]}}