{"id":9750,"date":"2022-07-06T00:00:57","date_gmt":"2022-07-06T02:00:57","guid":{"rendered":"https:\/\/ultimato.com.br\/sites\/devocional-diaria\/?p=9750"},"modified":"2022-06-28T09:25:12","modified_gmt":"2022-06-28T11:25:12","slug":"semelhantes-a-jesus","status":"publish","type":"post","link":"https:\/\/ultimato.com.br\/sites\/devocional-diaria\/2022\/07\/06\/autor\/elben-cesar\/semelhantes-a-jesus\/","title":{"rendered":"Semelhantes a Jesus"},"content":{"rendered":"<p>[Os membros do Sin\u00e9drio] reconheceram que eles tinham sido companheiros de Jesus. (4.13)<\/p>\n<p>Quando Jesus escolheu os doze ap\u00f3stolos logo no in\u00edcio de seu minist\u00e9rio, o\u00a0prop\u00f3sito era para que convivessem com ele (estivessem com ele, fossem seus\u00a0companheiros o tempo todo) e para envi\u00e1-los a pregar e expulsar dem\u00f4nios\u00a0(Mc 3.14-15). No per\u00edodo de tr\u00eas anos, Pedro, Jo\u00e3o e os demais comeram e\u00a0viajaram com Jesus, ouviram o que ele falava, viram o que ele fazia. O grupo\u00a0permaneceu coeso desde a sua forma\u00e7\u00e3o at\u00e9 a crucifica\u00e7\u00e3o de Jesus. V\u00e1rias\u00a0falhas cometidas pelos ap\u00f3stolos foram corrigidas. Como Jesus, eles eram\u00a0galileus (exceto Judas), tinham sotaque e vestu\u00e1rio galileus e v\u00e1rios deles\u00a0eram pescadores. Depois da ascens\u00e3o do Senhor e do dia de Pentecostes, eles\u00a0pregavam com tanta ousadia quanto Jesus e, como ele, realizavam muitos\u00a0milagres e maravilhas.<\/p>\n<p>As semelhan\u00e7as dos ap\u00f3stolos eram tantas que os membros do Sin\u00e9drio\u00a0foram obrigados a reconhecer que eles \u201ctinham sido companheiros de Jesus\u201d\u00a0(4.13) ou \u201chaviam convivido com Jesus\u201d (5.21). Os ap\u00f3stolos refletiam o car\u00e1ter\u00a0de Jesus, faziam propaganda dele ora pela palavra, ora pelos milagres,\u00a0ora pela coragem. Mas a semelhan\u00e7a deles e a nossa com Jesus ainda deixam\u00a0muito a desejar. Os ap\u00f3stolos sabiam disso, tanto que Jo\u00e3o escreveu: \u201cAinda\u00a0n\u00e3o sabemos o que vamos ser. Por\u00e9m sabemos isto: quando Cristo aparecer,\u00a0ficaremos parecidos com ele\u201d (1Jo 3.2). Paulo acrescenta que a gl\u00f3ria que\u00a0hoje refletimos \u201cvai ficando cada vez mais brilhante e vai nos tornando cada\u00a0vez mais parecidos com o Senhor\u201d (2Co 3.18).<strong>\u00a0<\/strong><strong>\u00a0<\/strong><\/p>\n<p><strong><a href=\"https:\/\/www.amazon.com.br\/Disc%C3%ADpulo-Radical-B%C3%ADblicos-b%C3%ADblicos-Ultimato-ebook\/dp\/B0B44BW6XS\/ref=sr_1_2\"><img loading=\"lazy\" decoding=\"async\" class=\"alignright wp-image-9739\" src=\"https:\/\/ultimato.com.br\/sites\/devocional-diaria\/files\/2022\/06\/capa_EB_discipulo_radical-200x300.jpg\" alt=\"\" width=\"100\" height=\"150\" srcset=\"https:\/\/ultimato.com.br\/sites\/devocional-diaria\/files\/2022\/06\/capa_EB_discipulo_radical-200x300.jpg 200w, https:\/\/ultimato.com.br\/sites\/devocional-diaria\/files\/2022\/06\/capa_EB_discipulo_radical.jpg 350w\" sizes=\"auto, (max-width: 100px) 100vw, 100px\" \/><\/a>&gt;&gt; <\/strong>Conhe\u00e7a o lan\u00e7amento <strong><a href=\"https:\/\/www.amazon.com.br\/Disc%C3%ADpulo-Radical-B%C3%ADblicos-b%C3%ADblicos-Ultimato-ebook\/dp\/B0B44BW6XS\/ref=sr_1_2\"><em>O Disc\u00edpulo Radical \u2013 Estudos b\u00edblicos<\/em><\/a><\/strong>, dispon\u00edvel em e-book nas melhores livrarias virtuais.<\/p>\n<p><strong>\u00a0<\/strong><\/p>\n<p><strong>&gt;&gt; Retirado de\u00a0<\/strong><strong><em><a href=\"https:\/\/www.ultimato.com.br\/loja\/produtos\/refeicoes-diarias\">Refei\u00e7\u00f5es Di\u00e1rias \u2013 no partir do p\u00e3o e na ora\u00e7\u00e3o<\/a><\/em><\/strong><strong> [Elben C\u00e9sar]. <\/strong><strong>Editora Ultimato.<\/strong><strong>\u00a0<\/strong><\/p>\n","protected":false},"excerpt":{"rendered":"<p>[Os membros do Sin\u00e9drio] reconheceram que eles tinham sido companheiros de Jesus. (4.13) Quando Jesus escolheu os doze ap\u00f3stolos logo no in\u00edcio de seu minist\u00e9rio, o\u00a0prop\u00f3sito era para que convivessem com ele (estivessem com ele, fossem seus\u00a0companheiros o tempo todo) e para envi\u00e1-los a pregar e expulsar dem\u00f4nios\u00a0(Mc 3.14-15). No per\u00edodo de tr\u00eas anos, Pedro, [&hellip;]<\/p>\n","protected":false},"author":21,"featured_media":163,"comment_status":"open","ping_status":"open","sticky":false,"template":"","format":"standard","meta":{"ngg_post_thumbnail":0,"footnotes":""},"categories":[5478],"tags":[],"class_list":["post-9750","post","type-post","status-publish","format-standard","has-post-thumbnail","hentry","category-elben-cesar"],"publishpress_future_action":{"enabled":false,"date":"2026-05-07 06:55:36","action":"change-status","newStatus":"draft","terms":[],"taxonomy":"category","extraData":[]},"publishpress_future_workflow_manual_trigger":{"enabledWorkflows":[]},"_links":{"self":[{"href":"https:\/\/ultimato.com.br\/sites\/devocional-diaria\/wp-json\/wp\/v2\/posts\/9750","targetHints":{"allow":["GET"]}}],"collection":[{"href":"https:\/\/ultimato.com.br\/sites\/devocional-diaria\/wp-json\/wp\/v2\/posts"}],"about":[{"href":"https:\/\/ultimato.com.br\/sites\/devocional-diaria\/wp-json\/wp\/v2\/types\/post"}],"author":[{"embeddable":true,"href":"https:\/\/ultimato.com.br\/sites\/devocional-diaria\/wp-json\/wp\/v2\/users\/21"}],"replies":[{"embeddable":true,"href":"https:\/\/ultimato.com.br\/sites\/devocional-diaria\/wp-json\/wp\/v2\/comments?post=9750"}],"version-history":[{"count":1,"href":"https:\/\/ultimato.com.br\/sites\/devocional-diaria\/wp-json\/wp\/v2\/posts\/9750\/revisions"}],"predecessor-version":[{"id":9751,"href":"https:\/\/ultimato.com.br\/sites\/devocional-diaria\/wp-json\/wp\/v2\/posts\/9750\/revisions\/9751"}],"wp:featuredmedia":[{"embeddable":true,"href":"https:\/\/ultimato.com.br\/sites\/devocional-diaria\/wp-json\/wp\/v2\/media\/163"}],"wp:attachment":[{"href":"https:\/\/ultimato.com.br\/sites\/devocional-diaria\/wp-json\/wp\/v2\/media?parent=9750"}],"wp:term":[{"taxonomy":"category","embeddable":true,"href":"https:\/\/ultimato.com.br\/sites\/devocional-diaria\/wp-json\/wp\/v2\/categories?post=9750"},{"taxonomy":"post_tag","embeddable":true,"href":"https:\/\/ultimato.com.br\/sites\/devocional-diaria\/wp-json\/wp\/v2\/tags?post=9750"}],"curies":[{"name":"wp","href":"https:\/\/api.w.org\/{rel}","templated":true}]}}