{"id":9748,"date":"2022-07-05T00:00:11","date_gmt":"2022-07-05T02:00:11","guid":{"rendered":"https:\/\/ultimato.com.br\/sites\/devocional-diaria\/?p=9748"},"modified":"2022-06-28T09:23:44","modified_gmt":"2022-06-28T11:23:44","slug":"diga-o-fraco-sou-forte","status":"publish","type":"post","link":"https:\/\/ultimato.com.br\/sites\/devocional-diaria\/2022\/07\/05\/autor\/elben-cesar\/diga-o-fraco-sou-forte\/","title":{"rendered":"Diga o fraco: sou forte\u00a0"},"content":{"rendered":"<p>Jeov\u00e1 \u00e9 a minha for\u00e7a e o meu escudo; nele tem confiado o meu cora\u00e7\u00e3o,\u00a0e sou ajudado. (Sl 28.7)<\/p>\n<p>N\u00e3o ser\u00e1 por meio da mentira. Sendo eu fraco, um pusil\u00e2nime incorrig\u00edvel,\u00a0se disser: \u201cEu sou forte\u201d, estarei faltando com a verdade. \u00c9 um p\u00e9ssimo\u00a0come\u00e7o. N\u00e3o vai dar em nada.<\/p>\n<p>Se for uma quest\u00e3o simplesmente verbal, se n\u00e3o produzir pelo menos\u00a0um grama de convic\u00e7\u00e3o interior, se n\u00e3o descer ou entrar para alterar e influenciar\u00a0a minha mente, ser\u00e1 tudo in\u00fatil. N\u00e3o vai passar de conversa fiada.\u00a0Bobagem. Besteira. Teoria.<\/p>\n<p>O neg\u00f3cio come\u00e7a a modificar quando eu me permito sugestionar, quando\u00a0a minha mente vislumbra a possibilidade e se deixa influenciar por um\u00a0ponto de apoio que ainda n\u00e3o \u00e9 meu, mas pode vir a ser. Ent\u00e3o inicio-me\u00a0na dif\u00edcil arte de me inclinar suavemente para o lado oposto do pessimismo\u00a0e percebo <em>o poder do otimismo<\/em>.<\/p>\n<p>Por\u00e9m, o \u00e1pice, a experi\u00eancia mais madura, o alicerce mais inabal\u00e1vel,\u00a0eu vou encontrar em Deus e nos exerc\u00edcios espirituais que me capacitam a\u00a0sentir a presen\u00e7a e o poder dele. Terei, pois, a ousadia de declarar, \u00e0 semelhan\u00e7a\u00a0de Paulo: \u201cTudo posso <em>naquele que me fortalece<\/em>\u201d (Fp 4.13). A f\u00e9 me\u00a0dar\u00e1 uma for\u00e7a terr\u00edvel: serei capaz de derrubar as muralhas de Jeric\u00f3, de\u00a0subjugar reinos, de fechar bocas de le\u00f5es, de extinguir a viol\u00eancia do fogo.\u00a0Poderei fazer a coisa mais engra\u00e7ada e imposs\u00edvel do mundo: da fraqueza\u00a0extrair for\u00e7a (Hb 11.34). Minha f\u00e9 jamais ser\u00e1 posta em mim mesmo, nem\u00a0nas circunst\u00e2ncias, nem nos outros homens, gigantes ou pigmeus, mas sempre\u00a0em Deus. Ele \u00e9 o meu ponto de apoio. Ent\u00e3o descobrirei que o poder se\u00a0aperfei\u00e7oa na fraqueza, e n\u00e3o na presun\u00e7\u00e3o; em Deus, e n\u00e3o nos homens.\u00a0Chegarei \u00e0 conclus\u00e3o de que n\u00e3o importa se eu e voc\u00ea somos quebr\u00e1veis, se\u00a0podemos carregar dentro de n\u00f3s, sem derramar, o tesouro da f\u00e9, \u201cpara que\u00a0a excel\u00eancia do poder seja de Deus, e n\u00e3o de n\u00f3s\u201d (2Co 4.7).<\/p>\n<p><strong><a href=\"https:\/\/www.amazon.com.br\/Disc%C3%ADpulo-Radical-B%C3%ADblicos-b%C3%ADblicos-Ultimato-ebook\/dp\/B0B44BW6XS\/ref=sr_1_2\"><img loading=\"lazy\" decoding=\"async\" class=\"wp-image-9739 alignright\" src=\"https:\/\/ultimato.com.br\/sites\/devocional-diaria\/files\/2022\/06\/capa_EB_discipulo_radical-200x300.jpg\" alt=\"\" width=\"100\" height=\"150\" srcset=\"https:\/\/ultimato.com.br\/sites\/devocional-diaria\/files\/2022\/06\/capa_EB_discipulo_radical-200x300.jpg 200w, https:\/\/ultimato.com.br\/sites\/devocional-diaria\/files\/2022\/06\/capa_EB_discipulo_radical.jpg 350w\" sizes=\"auto, (max-width: 100px) 100vw, 100px\" \/><\/a>&gt;&gt; <\/strong>Conhe\u00e7a o lan\u00e7amento <a href=\"https:\/\/www.amazon.com.br\/Disc%C3%ADpulo-Radical-B%C3%ADblicos-b%C3%ADblicos-Ultimato-ebook\/dp\/B0B44BW6XS\/ref=sr_1_2\"><em><strong>O Disc\u00edpulo Radical \u2013 Estudos b\u00edblicos<\/strong><\/em><\/a>, dispon\u00edvel em e-book nas melhores livrarias virtuais.<\/p>\n<p>&nbsp;<\/p>\n<p><strong>&gt;&gt; Retirado de\u00a0<em><a href=\"https:\/\/www.ultimato.com.br\/loja\/produtos\/cuide-das-raizes-espere-pelos-frutos\">Cuide das Ra\u00edzes, Espere pelos Frutos<\/a><\/em>, [Elben C\u00e9sar]. Editora Ultimato.<\/strong><\/p>\n<p>Ou\u00e7a as nossas devocionais pelo <a href=\"https:\/\/open.spotify.com\/show\/7CG8DL9dgWZEgPzX3rnk51?si=1dbGejI2TQS16eamNjb2rA\">Spotify<\/a>!<\/p>\n","protected":false},"excerpt":{"rendered":"<p>Jeov\u00e1 \u00e9 a minha for\u00e7a e o meu escudo; nele tem confiado o meu cora\u00e7\u00e3o,\u00a0e sou ajudado. (Sl 28.7) N\u00e3o ser\u00e1 por meio da mentira. Sendo eu fraco, um pusil\u00e2nime incorrig\u00edvel,\u00a0se disser: \u201cEu sou forte\u201d, estarei faltando com a verdade. \u00c9 um p\u00e9ssimo\u00a0come\u00e7o. N\u00e3o vai dar em nada. Se for uma quest\u00e3o simplesmente verbal, se [&hellip;]<\/p>\n","protected":false},"author":21,"featured_media":164,"comment_status":"open","ping_status":"open","sticky":false,"template":"","format":"standard","meta":{"ngg_post_thumbnail":0,"footnotes":""},"categories":[5478],"tags":[],"class_list":["post-9748","post","type-post","status-publish","format-standard","has-post-thumbnail","hentry","category-elben-cesar"],"publishpress_future_action":{"enabled":false,"date":"2026-05-07 06:51:02","action":"change-status","newStatus":"draft","terms":[],"taxonomy":"category","extraData":[]},"publishpress_future_workflow_manual_trigger":{"enabledWorkflows":[]},"_links":{"self":[{"href":"https:\/\/ultimato.com.br\/sites\/devocional-diaria\/wp-json\/wp\/v2\/posts\/9748","targetHints":{"allow":["GET"]}}],"collection":[{"href":"https:\/\/ultimato.com.br\/sites\/devocional-diaria\/wp-json\/wp\/v2\/posts"}],"about":[{"href":"https:\/\/ultimato.com.br\/sites\/devocional-diaria\/wp-json\/wp\/v2\/types\/post"}],"author":[{"embeddable":true,"href":"https:\/\/ultimato.com.br\/sites\/devocional-diaria\/wp-json\/wp\/v2\/users\/21"}],"replies":[{"embeddable":true,"href":"https:\/\/ultimato.com.br\/sites\/devocional-diaria\/wp-json\/wp\/v2\/comments?post=9748"}],"version-history":[{"count":1,"href":"https:\/\/ultimato.com.br\/sites\/devocional-diaria\/wp-json\/wp\/v2\/posts\/9748\/revisions"}],"predecessor-version":[{"id":9749,"href":"https:\/\/ultimato.com.br\/sites\/devocional-diaria\/wp-json\/wp\/v2\/posts\/9748\/revisions\/9749"}],"wp:featuredmedia":[{"embeddable":true,"href":"https:\/\/ultimato.com.br\/sites\/devocional-diaria\/wp-json\/wp\/v2\/media\/164"}],"wp:attachment":[{"href":"https:\/\/ultimato.com.br\/sites\/devocional-diaria\/wp-json\/wp\/v2\/media?parent=9748"}],"wp:term":[{"taxonomy":"category","embeddable":true,"href":"https:\/\/ultimato.com.br\/sites\/devocional-diaria\/wp-json\/wp\/v2\/categories?post=9748"},{"taxonomy":"post_tag","embeddable":true,"href":"https:\/\/ultimato.com.br\/sites\/devocional-diaria\/wp-json\/wp\/v2\/tags?post=9748"}],"curies":[{"name":"wp","href":"https:\/\/api.w.org\/{rel}","templated":true}]}}