{"id":9738,"date":"2022-07-04T00:00:27","date_gmt":"2022-07-04T02:00:27","guid":{"rendered":"https:\/\/ultimato.com.br\/sites\/devocional-diaria\/?p=9738"},"modified":"2022-06-28T09:21:52","modified_gmt":"2022-06-28T11:21:52","slug":"calma-e-tranquilidade-3","status":"publish","type":"post","link":"https:\/\/ultimato.com.br\/sites\/devocional-diaria\/2022\/07\/04\/autor\/elben-cesar\/calma-e-tranquilidade-3\/","title":{"rendered":"Calma e tranquilidade"},"content":{"rendered":"<p>Senhor, o meu cora\u00e7\u00e3o n\u00e3o \u00e9 orgulhoso e os meus olhos n\u00e3o\u00a0s\u00e3o arrogantes. N\u00e3o me envolvo com coisas grandiosas nem\u00a0maravilhosas demais para mim. (Sl 131.1)<\/p>\n<p>Por que nunca estamos satisfeitos? Por que estamos sempre\u00a0correndo de um lado para outro? Por que estamos sempre agitados?<\/p>\n<p>Uma das principais raz\u00f5es \u00e9 porque estamos sempre \u00e0 procura de \u201ccoisas\u00a0grandiosas e maravilhosas demais\u201d para n\u00f3s (Sl 131.1). Ou atr\u00e1s de coisas\u00a0grandes e extraordin\u00e1rias que est\u00e3o fora do nosso alcance, ou por causa do\u00a0desejo incontido de nos fazermos de entendidos em coisas muito dif\u00edceis e\u00a0grandiosas, como registram outras vers\u00f5es das Escrituras.<\/p>\n<p>O salmista p\u00f4s um ponto final nessa ambi\u00e7\u00e3o desmedida: \u201cAcalmei e\u00a0tranquilizei a minha alma\u201d (Sl 131.2).<\/p>\n<p>Depois de ter investido contra ele mesmo, contra as suas ambi\u00e7\u00f5es pessoais,\u00a0contra o seu temperamento, o poeta pode declarar: \u201cSenhor, o meu cora\u00e7\u00e3o\u00a0n\u00e3o \u00e9 orgulhoso, e os meus olhos n\u00e3o s\u00e3o arrogantes\u201d (Sl 131.1). Ele est\u00e1\u00a0descrevendo uma experi\u00eancia pessoal do tipo \u201ceu era mas n\u00e3o sou mais\u201d.<\/p>\n<p>\u00c9 preciso descobrir o que Deus quer de n\u00f3s e respeitar os limites impostos\u00a0por Ele. Ningu\u00e9m tem todos os dons, que Deus distribui a seu bel-prazer\u00a0(Rm 12.6-8). Precisamos aprender a lidar com o sucesso, para que ele,\u00a0depois de nos embriagar, n\u00e3o nos jogue nas sarjetas da vida (Pv 16.18). Quando\u00a0o orgulho toma conta de n\u00f3s, o desejo pecaminoso de competi\u00e7\u00e3o toma o\u00a0lugar do desejo saud\u00e1vel de servir a Deus da melhor maneira poss\u00edvel!<strong>\u00a0<\/strong><\/p>\n<p><strong><a href=\"https:\/\/www.amazon.com.br\/Disc%C3%ADpulo-Radical-B%C3%ADblicos-b%C3%ADblicos-Ultimato-ebook\/dp\/B0B44BW6XS\/ref=sr_1_2\"><img loading=\"lazy\" decoding=\"async\" class=\"alignright wp-image-9739\" src=\"https:\/\/ultimato.com.br\/sites\/devocional-diaria\/files\/2022\/06\/capa_EB_discipulo_radical-200x300.jpg\" alt=\"\" width=\"100\" height=\"150\" srcset=\"https:\/\/ultimato.com.br\/sites\/devocional-diaria\/files\/2022\/06\/capa_EB_discipulo_radical-200x300.jpg 200w, https:\/\/ultimato.com.br\/sites\/devocional-diaria\/files\/2022\/06\/capa_EB_discipulo_radical.jpg 350w\" sizes=\"auto, (max-width: 100px) 100vw, 100px\" \/><\/a><\/strong><\/p>\n<p><strong>&gt;&gt; <\/strong>Conhe\u00e7a o lan\u00e7amento<strong> <a href=\"https:\/\/www.amazon.com.br\/Disc%C3%ADpulo-Radical-B%C3%ADblicos-b%C3%ADblicos-Ultimato-ebook\/dp\/B0B44BW6XS\/ref=sr_1_2\"><em>O Disc\u00edpulo Radical \u2013 Estudos b\u00edblicos<\/em><\/a><\/strong>, dispon\u00edvel em e-book nas melhores livrarias virtuais.<\/p>\n<p><strong>\u00a0<\/strong><\/p>\n<p><strong>&gt;&gt; Retirado de\u00a0<em><a href=\"http:\/\/www.ultimato.com.br\/loja\/produtos\/refeicoes-diarias-com-o-sabor-dos-salmos\">Refei\u00e7\u00f5es Di\u00e1rias com o Sabor dos Salmos<\/a><\/em> [Elben C\u00e9sar]. Editora Ultimato.<\/strong><strong>\u00a0<\/strong><\/p>\n<p>Ou\u00e7a as nossas devocionais pelo <a href=\"https:\/\/open.spotify.com\/show\/7CG8DL9dgWZEgPzX3rnk51?si=1dbGejI2TQS16eamNjb2rA\">Spotify<\/a>!<\/p>\n","protected":false},"excerpt":{"rendered":"<p>Senhor, o meu cora\u00e7\u00e3o n\u00e3o \u00e9 orgulhoso e os meus olhos n\u00e3o\u00a0s\u00e3o arrogantes. N\u00e3o me envolvo com coisas grandiosas nem\u00a0maravilhosas demais para mim. (Sl 131.1) Por que nunca estamos satisfeitos? Por que estamos sempre\u00a0correndo de um lado para outro? Por que estamos sempre agitados? Uma das principais raz\u00f5es \u00e9 porque estamos sempre \u00e0 procura de [&hellip;]<\/p>\n","protected":false},"author":21,"featured_media":165,"comment_status":"open","ping_status":"open","sticky":false,"template":"","format":"standard","meta":{"ngg_post_thumbnail":0,"footnotes":""},"categories":[5478],"tags":[],"class_list":["post-9738","post","type-post","status-publish","format-standard","has-post-thumbnail","hentry","category-elben-cesar"],"publishpress_future_action":{"enabled":false,"date":"2026-05-07 06:50:36","action":"change-status","newStatus":"draft","terms":[],"taxonomy":"category","extraData":[]},"publishpress_future_workflow_manual_trigger":{"enabledWorkflows":[]},"_links":{"self":[{"href":"https:\/\/ultimato.com.br\/sites\/devocional-diaria\/wp-json\/wp\/v2\/posts\/9738","targetHints":{"allow":["GET"]}}],"collection":[{"href":"https:\/\/ultimato.com.br\/sites\/devocional-diaria\/wp-json\/wp\/v2\/posts"}],"about":[{"href":"https:\/\/ultimato.com.br\/sites\/devocional-diaria\/wp-json\/wp\/v2\/types\/post"}],"author":[{"embeddable":true,"href":"https:\/\/ultimato.com.br\/sites\/devocional-diaria\/wp-json\/wp\/v2\/users\/21"}],"replies":[{"embeddable":true,"href":"https:\/\/ultimato.com.br\/sites\/devocional-diaria\/wp-json\/wp\/v2\/comments?post=9738"}],"version-history":[{"count":8,"href":"https:\/\/ultimato.com.br\/sites\/devocional-diaria\/wp-json\/wp\/v2\/posts\/9738\/revisions"}],"predecessor-version":[{"id":9747,"href":"https:\/\/ultimato.com.br\/sites\/devocional-diaria\/wp-json\/wp\/v2\/posts\/9738\/revisions\/9747"}],"wp:featuredmedia":[{"embeddable":true,"href":"https:\/\/ultimato.com.br\/sites\/devocional-diaria\/wp-json\/wp\/v2\/media\/165"}],"wp:attachment":[{"href":"https:\/\/ultimato.com.br\/sites\/devocional-diaria\/wp-json\/wp\/v2\/media?parent=9738"}],"wp:term":[{"taxonomy":"category","embeddable":true,"href":"https:\/\/ultimato.com.br\/sites\/devocional-diaria\/wp-json\/wp\/v2\/categories?post=9738"},{"taxonomy":"post_tag","embeddable":true,"href":"https:\/\/ultimato.com.br\/sites\/devocional-diaria\/wp-json\/wp\/v2\/tags?post=9738"}],"curies":[{"name":"wp","href":"https:\/\/api.w.org\/{rel}","templated":true}]}}