{"id":9736,"date":"2022-07-01T00:00:25","date_gmt":"2022-07-01T02:00:25","guid":{"rendered":"https:\/\/ultimato.com.br\/sites\/devocional-diaria\/?p=9736"},"modified":"2022-06-28T09:16:14","modified_gmt":"2022-06-28T11:16:14","slug":"a-igreja-de-jesus-4","status":"publish","type":"post","link":"https:\/\/ultimato.com.br\/sites\/devocional-diaria\/2022\/07\/01\/autor\/elben-cesar\/a-igreja-de-jesus-4\/","title":{"rendered":"A igreja de Jesus"},"content":{"rendered":"<p>Ele \u00e9 antes de todas as coisas. Nele, tudo subsiste. Ele \u00e9 a cabe\u00e7a do corpo, da igreja. (Colossenses 1.17-18)<\/p>\n<p>A rigor, ningu\u00e9m em lugar algum e em tempo algum pode usar o pronome possessivo <em>minha <\/em>para se referir \u00e0 igreja. A igreja, em seu sentido m\u00edstico, \u00e9 de Jesus Cristo. As palavras ditas a Pedro devem ser sempre lembradas: \u201cTu \u00e9s Pedro, e sobre esta pedra edificarei a minha igreja\u201d (Mt 16.18). \u00c9 preciso diferenciar as igrejas locais (a igreja de Antioquia, a igreja de Cencreia, a igreja dos tessalonicenses, as igrejas na Gal\u00e1cia etc.) e as igrejas denominacionais (igreja cat\u00f3lica, igreja reformada, igreja batista, igreja pentecostal etc.) da Igreja de Cristo ou Igreja de Deus (At 20.28; 1Co 15.9; 1Tm 3.15). Esta \u00e9 a \u00fanica que \u00e9 o corpo m\u00edstico de Cristo. Nela se congregam apenas pecadores arre\u00adpendidos e perdoados, em qualquer lugar e em qualquer tempo. Nas igrejas locais e denominacionais h\u00e1 uma mistura de joio e trigo, o que n\u00e3o acontece na Igreja de Cristo. Jesus \u00e9 a pedra angular e a cabe\u00e7a dessa Igreja, tanto da que re\u00fane os vivos (igreja militante) como da que re\u00fane os mortos (igreja triunfante).<\/p>\n<p>\u2014 Jesus Cristo \u00e9 a Cabe\u00e7a da igreja e o Salvador do corpo. Aleluia!<\/p>\n<p>&nbsp;<\/p>\n<p><strong>&gt;&gt; Retirado de\u00a0<em><a href=\"https:\/\/www.ultimato.com.br\/loja\/produtos\/refeicoes-diarias-com-jesus\">Refei\u00e7\u00f5es Di\u00e1rias com Jesus<\/a><\/em> [Elben C\u00e9sar]. Editora Ultimato.<\/strong><\/p>\n<p>Ou\u00e7a as nossas devocionais pelo <a href=\"https:\/\/open.spotify.com\/show\/7CG8DL9dgWZEgPzX3rnk51?si=1dbGejI2TQS16eamNjb2rA\">Spotify<\/a>!<\/p>\n","protected":false},"excerpt":{"rendered":"<p>Ele \u00e9 antes de todas as coisas. Nele, tudo subsiste. Ele \u00e9 a cabe\u00e7a do corpo, da igreja. (Colossenses 1.17-18) A rigor, ningu\u00e9m em lugar algum e em tempo algum pode usar o pronome possessivo minha para se referir \u00e0 igreja. A igreja, em seu sentido m\u00edstico, \u00e9 de Jesus Cristo. As palavras ditas a [&hellip;]<\/p>\n","protected":false},"author":21,"featured_media":166,"comment_status":"open","ping_status":"open","sticky":false,"template":"","format":"standard","meta":{"ngg_post_thumbnail":0,"footnotes":""},"categories":[5478],"tags":[],"class_list":["post-9736","post","type-post","status-publish","format-standard","has-post-thumbnail","hentry","category-elben-cesar"],"publishpress_future_action":{"enabled":false,"date":"2026-05-04 20:35:03","action":"change-status","newStatus":"draft","terms":[],"taxonomy":"category","extraData":[]},"publishpress_future_workflow_manual_trigger":{"enabledWorkflows":[]},"_links":{"self":[{"href":"https:\/\/ultimato.com.br\/sites\/devocional-diaria\/wp-json\/wp\/v2\/posts\/9736","targetHints":{"allow":["GET"]}}],"collection":[{"href":"https:\/\/ultimato.com.br\/sites\/devocional-diaria\/wp-json\/wp\/v2\/posts"}],"about":[{"href":"https:\/\/ultimato.com.br\/sites\/devocional-diaria\/wp-json\/wp\/v2\/types\/post"}],"author":[{"embeddable":true,"href":"https:\/\/ultimato.com.br\/sites\/devocional-diaria\/wp-json\/wp\/v2\/users\/21"}],"replies":[{"embeddable":true,"href":"https:\/\/ultimato.com.br\/sites\/devocional-diaria\/wp-json\/wp\/v2\/comments?post=9736"}],"version-history":[{"count":1,"href":"https:\/\/ultimato.com.br\/sites\/devocional-diaria\/wp-json\/wp\/v2\/posts\/9736\/revisions"}],"predecessor-version":[{"id":9737,"href":"https:\/\/ultimato.com.br\/sites\/devocional-diaria\/wp-json\/wp\/v2\/posts\/9736\/revisions\/9737"}],"wp:featuredmedia":[{"embeddable":true,"href":"https:\/\/ultimato.com.br\/sites\/devocional-diaria\/wp-json\/wp\/v2\/media\/166"}],"wp:attachment":[{"href":"https:\/\/ultimato.com.br\/sites\/devocional-diaria\/wp-json\/wp\/v2\/media?parent=9736"}],"wp:term":[{"taxonomy":"category","embeddable":true,"href":"https:\/\/ultimato.com.br\/sites\/devocional-diaria\/wp-json\/wp\/v2\/categories?post=9736"},{"taxonomy":"post_tag","embeddable":true,"href":"https:\/\/ultimato.com.br\/sites\/devocional-diaria\/wp-json\/wp\/v2\/tags?post=9736"}],"curies":[{"name":"wp","href":"https:\/\/api.w.org\/{rel}","templated":true}]}}