{"id":9730,"date":"2022-06-19T00:00:12","date_gmt":"2022-06-19T02:00:12","guid":{"rendered":"https:\/\/ultimato.com.br\/sites\/devocional-diaria\/?p=9730"},"modified":"2022-06-14T12:09:51","modified_gmt":"2022-06-14T14:09:51","slug":"jesus-toma-o-lugar-dos-idolos","status":"publish","type":"post","link":"https:\/\/ultimato.com.br\/sites\/devocional-diaria\/2022\/06\/19\/autor\/stanley-jones\/jesus-toma-o-lugar-dos-idolos\/","title":{"rendered":"Jesus toma o lugar dos \u00eddolos"},"content":{"rendered":"<p>Hebreus 1.1-4<\/p>\n<p>N\u00f3s nos voltamos para \u00eddolos porque Deus nos parece muito distante, inacess\u00edvel\u00a0e intang\u00edvel. Mas, para n\u00f3s, Jesus toma o lugar dos \u00eddolos. Quando nos apegamos\u00a0a ele, a necessidade do \u00eddolo desaparece. Jesus est\u00e1 pr\u00f3ximo, tang\u00edvel, acess\u00edvel,\u00a0pois ele \u00e9 \u201cEmanuel \u2013 Deus conosco\u201d.<\/p>\n<p>Ansiamos por aquilo que est\u00e1 \u00e0 nossa m\u00e3o, mas tamb\u00e9m ansiamos pelo\u00a0universal. N\u00e3o podemos nos satisfazer com o concreto, a menos que o universal\u00a0esteja nesse concreto. Essas duas coisas est\u00e3o juntas nesta passagem: \u201cQue Cristo\u00a0habite no cora\u00e7\u00e3o de voc\u00eas [&#8230;] para que, estando arraigados e alicer\u00e7ados em\u00a0amor, voc\u00eas possam, juntamente com todos os santos, compreender a largura, o\u00a0comprimento, a altura e a profundidade, e conhecer o amor de Cristo que excede\u00a0todo conhecimento\u201d (Ef 3.17-19). Aqui est\u00e1 uma f\u00e9 arraigada \u2013 \u201carraigada e\u00a0alicer\u00e7ada\u201d \u2013 e, ainda assim, n\u00e3o arraigada, capaz de \u201ccompreender a largura,\u00a0o comprimento, a altura e a profundidade\u201d. Se Cristo habita em seu cora\u00e7\u00e3o,\u00a0voc\u00ea \u00e9 a pessoa mais pr\u00f3xima do mundo \u2013 voc\u00ea \u00e9 uma pessoa de outra Pessoa,\u00a0de outra Lealdade, de outro Amor \u2013, voc\u00ea est\u00e1 centrado no Outro. No entanto,\u00a0voc\u00ea est\u00e1 universalizado. Voc\u00ea \u201ccompreende\u201d todas as dimens\u00f5es da vida. Voc\u00ea\u00a0\u201ccompreende\u201d a verdade na \u201clargura\u201d \u2013 os liberais. Voc\u00ea \u00e9 mais liberal que os\u00a0liberais, pois a verdade encontrada em qualquer lugar lhe pertence, porque voc\u00ea\u00a0pertence \u00e0 Verdade, Cristo. Voc\u00ea \u201ccompreende\u201d a verdade no \u201ccomprimento\u201d\u00a0\u2013 os defensores da sucess\u00e3o, aqueles que t\u00eam um senso de solidariedade com\u00a0os s\u00e9culos crist\u00e3os. Voc\u00ea defende mais a sucess\u00e3o do que os ap\u00f3stolos que a\u00a0defendiam, pois voc\u00ea \u00e9 um sucessor de Cristo. Todos os crist\u00e3os da hist\u00f3ria, n\u00e3o\u00a0somente os ap\u00f3stolos, pertencem a voc\u00ea, porque voc\u00ea pertence a Cristo. Voc\u00ea pode\u00a0\u201ccompreender\u201d a verdade na \u201cprofundidade\u201d \u2013 os fundamentalistas, aqueles que\u00a0insistem na encarna\u00e7\u00e3o, na morte expiat\u00f3ria, na ressurrei\u00e7\u00e3o. Mas voc\u00ea \u00e9 mais\u00a0fundamentalista que os fundamentalistas, porque voc\u00ea est\u00e1 \u201carraigado e alicer\u00e7ado\u201d\u00a0no Cristo encarnado, expiado e ressurreto. Cristo, e n\u00e3o meramente doutrinas sobre\u00a0ele, \u00e9 o centro fundamental de sua f\u00e9. E voc\u00ea pode \u201ccompreender\u201d a verdade na\u00a0\u201caltura\u201d \u2013 os m\u00edsticos. Mas voc\u00ea \u00e9 mais m\u00edstico do que os m\u00edsticos, porque voc\u00ea\u00a0conhece \u201co amor de Cristo que excede todo conhecimento\u201d \u2013 o universal.<\/p>\n<p><em>\u00d3 Cristo, coloco um ponto de minha b\u00fassola sobre o fato que \u00e9s tu; ent\u00e3o deixo o outro\u00a0ponto se estender o m\u00e1ximo poss\u00edvel e compreender todo o horizonte desse fato. Estou\u00a0arraigado, ah como estou arraigado! No entanto, estou livre, ah como estou livre! Meu\u00a0centro est\u00e1 em ti \u2013 e em todos os lugares! Eu te agrade\u00e7o. Am\u00e9m.\u00a0<\/em><em>\u00a0<\/em><\/p>\n<p>Afirma\u00e7\u00e3o do dia: Entreguei-me \u00e0quele que \u00e9 a \u201cimagem expressa\u201d de Deus. Que\u00a0necessidade tenho de algum \u00eddolo?<strong>\u00a0<\/strong><\/p>\n<p><strong>\u00a0<\/strong><\/p>\n<p><strong>&gt;&gt; Retirado de\u00a0<a href=\"https:\/\/www.ultimato.com.br\/loja\/produtos\/o-caminho\">O Caminho<\/a> [Stanley Jones]. Editora Ultimato.<\/strong><\/p>\n","protected":false},"excerpt":{"rendered":"<p>Hebreus 1.1-4 N\u00f3s nos voltamos para \u00eddolos porque Deus nos parece muito distante, inacess\u00edvel\u00a0e intang\u00edvel. Mas, para n\u00f3s, Jesus toma o lugar dos \u00eddolos. Quando nos apegamos\u00a0a ele, a necessidade do \u00eddolo desaparece. Jesus est\u00e1 pr\u00f3ximo, tang\u00edvel, acess\u00edvel,\u00a0pois ele \u00e9 \u201cEmanuel \u2013 Deus conosco\u201d. Ansiamos por aquilo que est\u00e1 \u00e0 nossa m\u00e3o, mas tamb\u00e9m ansiamos [&hellip;]<\/p>\n","protected":false},"author":21,"featured_media":166,"comment_status":"open","ping_status":"open","sticky":false,"template":"","format":"standard","meta":{"ngg_post_thumbnail":0,"footnotes":""},"categories":[40852],"tags":[],"class_list":["post-9730","post","type-post","status-publish","format-standard","has-post-thumbnail","hentry","category-stanley-jones"],"publishpress_future_action":{"enabled":false,"date":"2026-05-04 19:10:30","action":"change-status","newStatus":"draft","terms":[],"taxonomy":"category","extraData":[]},"publishpress_future_workflow_manual_trigger":{"enabledWorkflows":[]},"_links":{"self":[{"href":"https:\/\/ultimato.com.br\/sites\/devocional-diaria\/wp-json\/wp\/v2\/posts\/9730","targetHints":{"allow":["GET"]}}],"collection":[{"href":"https:\/\/ultimato.com.br\/sites\/devocional-diaria\/wp-json\/wp\/v2\/posts"}],"about":[{"href":"https:\/\/ultimato.com.br\/sites\/devocional-diaria\/wp-json\/wp\/v2\/types\/post"}],"author":[{"embeddable":true,"href":"https:\/\/ultimato.com.br\/sites\/devocional-diaria\/wp-json\/wp\/v2\/users\/21"}],"replies":[{"embeddable":true,"href":"https:\/\/ultimato.com.br\/sites\/devocional-diaria\/wp-json\/wp\/v2\/comments?post=9730"}],"version-history":[{"count":1,"href":"https:\/\/ultimato.com.br\/sites\/devocional-diaria\/wp-json\/wp\/v2\/posts\/9730\/revisions"}],"predecessor-version":[{"id":9731,"href":"https:\/\/ultimato.com.br\/sites\/devocional-diaria\/wp-json\/wp\/v2\/posts\/9730\/revisions\/9731"}],"wp:featuredmedia":[{"embeddable":true,"href":"https:\/\/ultimato.com.br\/sites\/devocional-diaria\/wp-json\/wp\/v2\/media\/166"}],"wp:attachment":[{"href":"https:\/\/ultimato.com.br\/sites\/devocional-diaria\/wp-json\/wp\/v2\/media?parent=9730"}],"wp:term":[{"taxonomy":"category","embeddable":true,"href":"https:\/\/ultimato.com.br\/sites\/devocional-diaria\/wp-json\/wp\/v2\/categories?post=9730"},{"taxonomy":"post_tag","embeddable":true,"href":"https:\/\/ultimato.com.br\/sites\/devocional-diaria\/wp-json\/wp\/v2\/tags?post=9730"}],"curies":[{"name":"wp","href":"https:\/\/api.w.org\/{rel}","templated":true}]}}