{"id":9726,"date":"2022-06-30T00:00:31","date_gmt":"2022-06-30T02:00:31","guid":{"rendered":"https:\/\/ultimato.com.br\/sites\/devocional-diaria\/?p=9726"},"modified":"2022-06-14T11:50:06","modified_gmt":"2022-06-14T13:50:06","slug":"a-perfeicao-de-jesus-2","status":"publish","type":"post","link":"https:\/\/ultimato.com.br\/sites\/devocional-diaria\/2022\/06\/30\/autor\/elben-cesar\/a-perfeicao-de-jesus-2\/","title":{"rendered":"A perfei\u00e7\u00e3o de Jesus"},"content":{"rendered":"<p>Com efeito, nos convinha um sumo sacerdote como este, santo, inculp\u00e1vel, sem m\u00e1cula, separado dos pecadores e feito mais alto do que os c\u00e9us. (Hebreus 7.26)<\/p>\n<p>No C\u00e2ntico dos C\u00e2nticos, o noivo elogia a beleza total da noiva: \u201cComo voc\u00ea \u00e9 linda, minha querida! Ah, como \u00e9 linda!\u201d (Ct 1.15; 4.1). Apaixonado, o noivo diz que tudo nela \u00e9 lindo: o cabelo, o rosto, a face, os olhos, os l\u00e1bios, a boca, os dentes, o pesco\u00e7o, os seios, as coxas, os p\u00e9s e at\u00e9 a voz e as vestes. \u201cEm voc\u00ea n\u00e3o h\u00e1 defeito algum\u201d, conclui o noivo (4.7).<\/p>\n<p>Essa exulta\u00e7\u00e3o traz \u00e0 lembran\u00e7a a perfei\u00e7\u00e3o de Jesus. Jo\u00e3o Batista o apresentou aos seus disc\u00edpulos como \u201co Cordeiro de Deus, que tira o pecado do mundo\u201d (Jo 1.29). O precursor tinha em mente a ideia do <em>cordeiro sem defeito<\/em>, cujo sangue livrou os israelitas da d\u00e9cima e \u00faltima praga do Egito (\u00cax 12.5). Em todos os sacrif\u00edcios ao longo da hist\u00f3ria da antiga alian\u00e7a, o boi, o carneiro ou o bode seriam \u201csem defeito ne\u00adnhum\u201d. O animal n\u00e3o poderia ser cego, aleijado, mutilado, ulceroso, acometido de feridas purulentas ou fluxo (Lv 22.17-25).<\/p>\n<p>O sacrif\u00edcio de Jesus foi aceito porque ele era sem defeito, sem mancha, sem m\u00e1cula.<\/p>\n<p>\u2014 A perfei\u00e7\u00e3o de Jesus me obriga a ser santo como ele \u00e9 santo.<strong>\u00a0<\/strong><\/p>\n<p><strong>\u00a0<\/strong><\/p>\n<p><strong>&gt;&gt; Retirado de\u00a0<a href=\"https:\/\/www.ultimato.com.br\/loja\/produtos\/refeicoes-diarias-com-jesus\">Refei\u00e7\u00f5es Di\u00e1rias com Jesus<\/a> [Elben C\u00e9sar]. Editora Ultimato.<\/strong><\/p>\n<p>Ou\u00e7a as nossas devocionais pelo <a href=\"https:\/\/open.spotify.com\/show\/7CG8DL9dgWZEgPzX3rnk51?si=1dbGejI2TQS16eamNjb2rA\">Spotify<\/a>!<\/p>\n","protected":false},"excerpt":{"rendered":"<p>Com efeito, nos convinha um sumo sacerdote como este, santo, inculp\u00e1vel, sem m\u00e1cula, separado dos pecadores e feito mais alto do que os c\u00e9us. (Hebreus 7.26) No C\u00e2ntico dos C\u00e2nticos, o noivo elogia a beleza total da noiva: \u201cComo voc\u00ea \u00e9 linda, minha querida! Ah, como \u00e9 linda!\u201d (Ct 1.15; 4.1). Apaixonado, o noivo diz [&hellip;]<\/p>\n","protected":false},"author":21,"featured_media":162,"comment_status":"open","ping_status":"open","sticky":false,"template":"","format":"standard","meta":{"ngg_post_thumbnail":0,"footnotes":""},"categories":[5478],"tags":[],"class_list":["post-9726","post","type-post","status-publish","format-standard","has-post-thumbnail","hentry","category-elben-cesar"],"publishpress_future_action":{"enabled":false,"date":"2026-05-04 19:10:35","action":"change-status","newStatus":"draft","terms":[],"taxonomy":"category","extraData":[]},"publishpress_future_workflow_manual_trigger":{"enabledWorkflows":[]},"_links":{"self":[{"href":"https:\/\/ultimato.com.br\/sites\/devocional-diaria\/wp-json\/wp\/v2\/posts\/9726","targetHints":{"allow":["GET"]}}],"collection":[{"href":"https:\/\/ultimato.com.br\/sites\/devocional-diaria\/wp-json\/wp\/v2\/posts"}],"about":[{"href":"https:\/\/ultimato.com.br\/sites\/devocional-diaria\/wp-json\/wp\/v2\/types\/post"}],"author":[{"embeddable":true,"href":"https:\/\/ultimato.com.br\/sites\/devocional-diaria\/wp-json\/wp\/v2\/users\/21"}],"replies":[{"embeddable":true,"href":"https:\/\/ultimato.com.br\/sites\/devocional-diaria\/wp-json\/wp\/v2\/comments?post=9726"}],"version-history":[{"count":1,"href":"https:\/\/ultimato.com.br\/sites\/devocional-diaria\/wp-json\/wp\/v2\/posts\/9726\/revisions"}],"predecessor-version":[{"id":9727,"href":"https:\/\/ultimato.com.br\/sites\/devocional-diaria\/wp-json\/wp\/v2\/posts\/9726\/revisions\/9727"}],"wp:featuredmedia":[{"embeddable":true,"href":"https:\/\/ultimato.com.br\/sites\/devocional-diaria\/wp-json\/wp\/v2\/media\/162"}],"wp:attachment":[{"href":"https:\/\/ultimato.com.br\/sites\/devocional-diaria\/wp-json\/wp\/v2\/media?parent=9726"}],"wp:term":[{"taxonomy":"category","embeddable":true,"href":"https:\/\/ultimato.com.br\/sites\/devocional-diaria\/wp-json\/wp\/v2\/categories?post=9726"},{"taxonomy":"post_tag","embeddable":true,"href":"https:\/\/ultimato.com.br\/sites\/devocional-diaria\/wp-json\/wp\/v2\/tags?post=9726"}],"curies":[{"name":"wp","href":"https:\/\/api.w.org\/{rel}","templated":true}]}}