{"id":9724,"date":"2022-06-29T00:00:15","date_gmt":"2022-06-29T02:00:15","guid":{"rendered":"https:\/\/ultimato.com.br\/sites\/devocional-diaria\/?p=9724"},"modified":"2022-06-28T12:33:33","modified_gmt":"2022-06-28T14:33:33","slug":"obra-silenciosa","status":"publish","type":"post","link":"https:\/\/ultimato.com.br\/sites\/devocional-diaria\/2022\/06\/29\/autor\/j-i-packer\/obra-silenciosa\/","title":{"rendered":"Obra silenciosa\u00a0"},"content":{"rendered":"<p>Deus enviou o Esp\u00edrito de seu Filho ao cora\u00e7\u00e3o de voc\u00eas, e ele clama: \u201cAba, Pai\u201d. (G\u00e1latas 4.6)<\/p>\n<p>A ado\u00e7\u00e3o nos d\u00e1 a chave para entender o minist\u00e9rio do Esp\u00edrito Santo. Todos n\u00f3s estamos cientes de que o Esp\u00edrito nos ensina segundo a mente de Deus e glorifica o Filho de Deus. Estamos cientes de que ele \u00e9 o agente do novo nasci\u00admento, dando-nos n\u00e3o apenas compreens\u00e3o para conhecer\u00admos a Deus, mas tamb\u00e9m um novo cora\u00e7\u00e3o para obedecer a ele. Sabemos que ele habita nos crist\u00e3os, santifica-os e fortale\u00adce-os para sua peregrina\u00e7\u00e3o di\u00e1ria. Tamb\u00e9m, estamos cientes de que a seguran\u00e7a, alegria, paz e poder s\u00e3o dons especiais que procedem do Esp\u00edrito Santo. Todavia, alguns crist\u00e3os sentem que est\u00e3o perdendo algo vital. Desesperados, eles se prop\u00f5em a buscar uma experi\u00eancia ps\u00edquica que os transforme de uma vez por todas, pela qual pensam que a \u201cbarreira da carnalidade\u201d pessoal pode ser rompida para sempre. Mas n\u00e3o \u00e9 quando nos concentramos em sentimentos e experi\u00eancias, e sim quando buscamos o pr\u00f3prio Deus, olhando para ele como nosso Pai, valorizando a comunh\u00e3o com ele e vendo em n\u00f3s mesmos um crescente desejo de conhec\u00ea-lo e agrad\u00e1-lo, que a realidade do minist\u00e9rio do Esp\u00edrito se torna vis\u00edvel em nossas vidas.<\/p>\n<p>Para refletir: Quais s\u00e3o algumas das obras silenciosas do Esp\u00edrito em sua vida? Agrade\u00e7a a Deus por isto.<\/p>\n<p>&nbsp;<\/p>\n<p><strong>&gt;&gt; Retirado de\u00a0<\/strong><strong><a href=\"https:\/\/www.ultimato.com.br\/loja\/produtos\/conhecendo-a-deus-ao-longo-do-ano\">Conhecendo a Deus ao Longo do Ano<\/a><\/strong><strong> [J. I. Packer]<\/strong><strong>. Editora Ultimato.<\/strong><\/p>\n<p>Ou\u00e7a as nossas devocionais pelo <a href=\"https:\/\/open.spotify.com\/show\/7CG8DL9dgWZEgPzX3rnk51?si=1dbGejI2TQS16eamNjb2rA\">Spotify<\/a>!<\/p>\n","protected":false},"excerpt":{"rendered":"<p>Deus enviou o Esp\u00edrito de seu Filho ao cora\u00e7\u00e3o de voc\u00eas, e ele clama: \u201cAba, Pai\u201d. (G\u00e1latas 4.6) A ado\u00e7\u00e3o nos d\u00e1 a chave para entender o minist\u00e9rio do Esp\u00edrito Santo. Todos n\u00f3s estamos cientes de que o Esp\u00edrito nos ensina segundo a mente de Deus e glorifica o Filho de Deus. Estamos cientes de [&hellip;]<\/p>\n","protected":false},"author":21,"featured_media":163,"comment_status":"open","ping_status":"open","sticky":false,"template":"","format":"standard","meta":{"ngg_post_thumbnail":0,"footnotes":""},"categories":[5655],"tags":[],"class_list":["post-9724","post","type-post","status-publish","format-standard","has-post-thumbnail","hentry","category-j-i-packer"],"publishpress_future_action":{"enabled":false,"date":"2026-05-04 17:34:09","action":"change-status","newStatus":"draft","terms":[],"taxonomy":"category","extraData":[]},"publishpress_future_workflow_manual_trigger":{"enabledWorkflows":[]},"_links":{"self":[{"href":"https:\/\/ultimato.com.br\/sites\/devocional-diaria\/wp-json\/wp\/v2\/posts\/9724","targetHints":{"allow":["GET"]}}],"collection":[{"href":"https:\/\/ultimato.com.br\/sites\/devocional-diaria\/wp-json\/wp\/v2\/posts"}],"about":[{"href":"https:\/\/ultimato.com.br\/sites\/devocional-diaria\/wp-json\/wp\/v2\/types\/post"}],"author":[{"embeddable":true,"href":"https:\/\/ultimato.com.br\/sites\/devocional-diaria\/wp-json\/wp\/v2\/users\/21"}],"replies":[{"embeddable":true,"href":"https:\/\/ultimato.com.br\/sites\/devocional-diaria\/wp-json\/wp\/v2\/comments?post=9724"}],"version-history":[{"count":1,"href":"https:\/\/ultimato.com.br\/sites\/devocional-diaria\/wp-json\/wp\/v2\/posts\/9724\/revisions"}],"predecessor-version":[{"id":9725,"href":"https:\/\/ultimato.com.br\/sites\/devocional-diaria\/wp-json\/wp\/v2\/posts\/9724\/revisions\/9725"}],"wp:featuredmedia":[{"embeddable":true,"href":"https:\/\/ultimato.com.br\/sites\/devocional-diaria\/wp-json\/wp\/v2\/media\/163"}],"wp:attachment":[{"href":"https:\/\/ultimato.com.br\/sites\/devocional-diaria\/wp-json\/wp\/v2\/media?parent=9724"}],"wp:term":[{"taxonomy":"category","embeddable":true,"href":"https:\/\/ultimato.com.br\/sites\/devocional-diaria\/wp-json\/wp\/v2\/categories?post=9724"},{"taxonomy":"post_tag","embeddable":true,"href":"https:\/\/ultimato.com.br\/sites\/devocional-diaria\/wp-json\/wp\/v2\/tags?post=9724"}],"curies":[{"name":"wp","href":"https:\/\/api.w.org\/{rel}","templated":true}]}}