{"id":9722,"date":"2022-06-28T00:00:00","date_gmt":"2022-06-28T02:00:00","guid":{"rendered":"https:\/\/ultimato.com.br\/sites\/devocional-diaria\/?p=9722"},"modified":"2022-06-14T11:45:49","modified_gmt":"2022-06-14T13:45:49","slug":"eu-sou-a-ressurreicao","status":"publish","type":"post","link":"https:\/\/ultimato.com.br\/sites\/devocional-diaria\/2022\/06\/28\/autor\/eugene-h-peterson\/eu-sou-a-ressurreicao\/","title":{"rendered":"Eu sou a ressurrei\u00e7\u00e3o"},"content":{"rendered":"<p>Quando Jesus finalmente chegou, L\u00e1zaro estava morto havia quatro dias. Bet\u00e2nia ficava perto de Jerusal\u00e9m, distante cerca de tr\u00eas quil\u00f4metros, e muitos dos judeus davam apoio a Marta e Maria, compadecidos delas por causa do irm\u00e3o. Marta soube que Jesus estava chegando e saiu ao encontro dele. Maria ficou em casa. Marta, ent\u00e3o, lhe disse: \u201cSe o senhor estivesse aqui, meu irm\u00e3o n\u00e3o teria morrido. Mesmo agora, sei que tudo que o senhor pedir a Deus ser\u00e1 concedido\u201d. Jesus consolou-a: \u201cSeu irm\u00e3o vai ressuscitar\u201d. Marta respondeu: \u201cSei que vai, na ressurrei\u00e7\u00e3o do fim dos tempos\u201d. \u201cVoc\u00ea n\u00e3o precisa esperar pelo fim. Eu, aqui e agora, sou a Ressurrei\u00e7\u00e3o e a Vida. Quem crer em mim, ainda que morra, viver\u00e1. Qualquer um que vive crendo em mim n\u00e3o ir\u00e1 morrer em definitivo. Acredita nisso?\u201d. \u201cSim. Sempre acreditei que o senhor \u00e9 o Messias, o Filho de Deus que veio ao mundo.\u201d (Jo\u00e3o 11.17-27)<\/p>\n<p>Em Cristo, nosso destino n\u00e3o \u00e9 a dissolu\u00e7\u00e3o, a aniquila\u00e7\u00e3o\u00a0ou a transmigra\u00e7\u00e3o \u2013 ou qualquer uma das outras possibilidades\u00a0imaginadas por mentes inquietas e curiosas \u2013, mas a\u00a0ressurrei\u00e7\u00e3o hist\u00f3rica real.\u00a0O que \u00e9 ressurrei\u00e7\u00e3o?<\/p>\n<p>Creio em tua ressurrei\u00e7\u00e3o, Senhor Jesus Cristo, e glorifico\u00a0teu nome maravilhoso e poderoso. Creio em minha ressurrei\u00e7\u00e3o\u00a0e surpreendo-me com tua compaix\u00e3o e preocupa\u00e7\u00e3o.\u00a0Tu tens a \u00faltima palavra, e a \u00faltima palavra \u00e9 vida,\u00a0n\u00e3o morte. Am\u00e9m.<strong>\u00a0<\/strong><\/p>\n<p><strong>\u00a0<\/strong><\/p>\n<p><strong>&gt;&gt; Retirado de\u00a0<a href=\"http:\/\/www.ultimato.com.br\/loja\/produtos\/um-ano-com-jesus\">Um Ano com Jesus<\/a>\u00a0[Eugene H. Peterson]. Editora Ultimato.<\/strong><\/p>\n<p>Ou\u00e7a as nossas devocionais pelo <a href=\"https:\/\/open.spotify.com\/show\/7CG8DL9dgWZEgPzX3rnk51?si=1dbGejI2TQS16eamNjb2rA\">Spotify<\/a>!<\/p>\n","protected":false},"excerpt":{"rendered":"<p>Quando Jesus finalmente chegou, L\u00e1zaro estava morto havia quatro dias. Bet\u00e2nia ficava perto de Jerusal\u00e9m, distante cerca de tr\u00eas quil\u00f4metros, e muitos dos judeus davam apoio a Marta e Maria, compadecidos delas por causa do irm\u00e3o. Marta soube que Jesus estava chegando e saiu ao encontro dele. Maria ficou em casa. Marta, ent\u00e3o, lhe disse: [&hellip;]<\/p>\n","protected":false},"author":21,"featured_media":164,"comment_status":"open","ping_status":"open","sticky":false,"template":"","format":"standard","meta":{"ngg_post_thumbnail":0,"footnotes":""},"categories":[17809],"tags":[],"class_list":["post-9722","post","type-post","status-publish","format-standard","has-post-thumbnail","hentry","category-eugene-h-peterson"],"publishpress_future_action":{"enabled":false,"date":"2026-05-04 16:28:25","action":"change-status","newStatus":"draft","terms":[],"taxonomy":"category","extraData":[]},"publishpress_future_workflow_manual_trigger":{"enabledWorkflows":[]},"_links":{"self":[{"href":"https:\/\/ultimato.com.br\/sites\/devocional-diaria\/wp-json\/wp\/v2\/posts\/9722","targetHints":{"allow":["GET"]}}],"collection":[{"href":"https:\/\/ultimato.com.br\/sites\/devocional-diaria\/wp-json\/wp\/v2\/posts"}],"about":[{"href":"https:\/\/ultimato.com.br\/sites\/devocional-diaria\/wp-json\/wp\/v2\/types\/post"}],"author":[{"embeddable":true,"href":"https:\/\/ultimato.com.br\/sites\/devocional-diaria\/wp-json\/wp\/v2\/users\/21"}],"replies":[{"embeddable":true,"href":"https:\/\/ultimato.com.br\/sites\/devocional-diaria\/wp-json\/wp\/v2\/comments?post=9722"}],"version-history":[{"count":1,"href":"https:\/\/ultimato.com.br\/sites\/devocional-diaria\/wp-json\/wp\/v2\/posts\/9722\/revisions"}],"predecessor-version":[{"id":9723,"href":"https:\/\/ultimato.com.br\/sites\/devocional-diaria\/wp-json\/wp\/v2\/posts\/9722\/revisions\/9723"}],"wp:featuredmedia":[{"embeddable":true,"href":"https:\/\/ultimato.com.br\/sites\/devocional-diaria\/wp-json\/wp\/v2\/media\/164"}],"wp:attachment":[{"href":"https:\/\/ultimato.com.br\/sites\/devocional-diaria\/wp-json\/wp\/v2\/media?parent=9722"}],"wp:term":[{"taxonomy":"category","embeddable":true,"href":"https:\/\/ultimato.com.br\/sites\/devocional-diaria\/wp-json\/wp\/v2\/categories?post=9722"},{"taxonomy":"post_tag","embeddable":true,"href":"https:\/\/ultimato.com.br\/sites\/devocional-diaria\/wp-json\/wp\/v2\/tags?post=9722"}],"curies":[{"name":"wp","href":"https:\/\/api.w.org\/{rel}","templated":true}]}}