{"id":9720,"date":"2022-06-27T00:00:01","date_gmt":"2022-06-27T02:00:01","guid":{"rendered":"https:\/\/ultimato.com.br\/sites\/devocional-diaria\/?p=9720"},"modified":"2022-06-14T11:43:38","modified_gmt":"2022-06-14T13:43:38","slug":"o-avivamento-do-senhor","status":"publish","type":"post","link":"https:\/\/ultimato.com.br\/sites\/devocional-diaria\/2022\/06\/27\/autor\/elben-cesar\/o-avivamento-do-senhor\/","title":{"rendered":"O avivamento do Senhor"},"content":{"rendered":"<p>Aviva, Jeov\u00e1, a tua obra no meio dos anos. (Hb 3.2)<\/p>\n<p>A ora\u00e7\u00e3o de Habacuque tem sido a s\u00faplica de muita gente hoje. Este\u00a0avivamento da obra do Senhor torna-se necess\u00e1rio para compensar os desgastes,\u00a0para corrigir os desvios, para dar alento ao cansado. Para revigorar o\u00a0entusiasmo, para aquecer a esperan\u00e7a prestes a sucumbir, para soltar o poder\u00a0que leva o homem a vencer o pecado e as circunst\u00e2ncias. Para restaurar a\u00a0alegria do cristianismo, para realizar a comunh\u00e3o da alma humana com o\u00a0Deus Conosco. Para chamar a aten\u00e7\u00e3o do mundo para o Deus que age, para\u00a0distribuir capacidade e discernimento ao homem deste s\u00e9culo.<\/p>\n<p>Mas este despertar \u2013 que vem do Senhor \u2013 n\u00e3o ser\u00e1 mesquinho nem se\u00a0basear\u00e1 apenas em emo\u00e7\u00f5es. N\u00e3o se tornar\u00e1 em instrumento para proje\u00e7\u00e3o\u00a0pessoal. N\u00e3o se inclinar\u00e1 para o misticismo inoperante e perigoso. N\u00e3o permitir\u00e1\u00a0a intromiss\u00e3o de elementos supersticiosos. N\u00e3o sacrificar\u00e1 a Palavra de\u00a0Deus. N\u00e3o permitir\u00e1 influ\u00eancia de esp\u00edritos que n\u00e3o procedem do Senhor\u00a0(1Jo 4.1). N\u00e3o suportar\u00e1 o ju\u00edzo temer\u00e1rio. N\u00e3o se transformar\u00e1 em ninho\u00a0de heresias futuras. N\u00e3o se responsabilizar\u00e1 pelo desenvolvimento do fanatismo\u00a0religioso. N\u00e3o acabar\u00e1 tristemente em nada. N\u00e3o trair\u00e1 a confian\u00e7a\u00a0e a esperan\u00e7a dos fi\u00e9is.<\/p>\n<p>Um reavivamento da f\u00e9 envolve v\u00e1rios aspectos. N\u00e3o se processa numa\u00a0\u00e1rea s\u00f3. Ter\u00e1 de afetar o comportamento e a capacidade de amar, entre\u00a0outras coisas.<\/p>\n<p><strong>\u00a0<\/strong><\/p>\n<p><strong>&gt;&gt; Retirado de\u00a0<a href=\"https:\/\/www.ultimato.com.br\/loja\/produtos\/cuide-das-raizes-espere-pelos-frutos\">Cuide das Ra\u00edzes, Espere pelos Frutos<\/a>, [Elben C\u00e9sar]. Editora Ultimato.<\/strong><\/p>\n<p>Ou\u00e7a as nossas devocionais pelo <a href=\"https:\/\/open.spotify.com\/show\/7CG8DL9dgWZEgPzX3rnk51?si=1dbGejI2TQS16eamNjb2rA\">Spotify<\/a>!<\/p>\n","protected":false},"excerpt":{"rendered":"<p>Aviva, Jeov\u00e1, a tua obra no meio dos anos. (Hb 3.2) A ora\u00e7\u00e3o de Habacuque tem sido a s\u00faplica de muita gente hoje. Este\u00a0avivamento da obra do Senhor torna-se necess\u00e1rio para compensar os desgastes,\u00a0para corrigir os desvios, para dar alento ao cansado. Para revigorar o\u00a0entusiasmo, para aquecer a esperan\u00e7a prestes a sucumbir, para soltar o [&hellip;]<\/p>\n","protected":false},"author":21,"featured_media":165,"comment_status":"open","ping_status":"open","sticky":false,"template":"","format":"standard","meta":{"ngg_post_thumbnail":0,"footnotes":""},"categories":[5478],"tags":[],"class_list":["post-9720","post","type-post","status-publish","format-standard","has-post-thumbnail","hentry","category-elben-cesar"],"publishpress_future_action":{"enabled":false,"date":"2026-05-04 18:02:02","action":"change-status","newStatus":"draft","terms":[],"taxonomy":"category","extraData":[]},"publishpress_future_workflow_manual_trigger":{"enabledWorkflows":[]},"_links":{"self":[{"href":"https:\/\/ultimato.com.br\/sites\/devocional-diaria\/wp-json\/wp\/v2\/posts\/9720","targetHints":{"allow":["GET"]}}],"collection":[{"href":"https:\/\/ultimato.com.br\/sites\/devocional-diaria\/wp-json\/wp\/v2\/posts"}],"about":[{"href":"https:\/\/ultimato.com.br\/sites\/devocional-diaria\/wp-json\/wp\/v2\/types\/post"}],"author":[{"embeddable":true,"href":"https:\/\/ultimato.com.br\/sites\/devocional-diaria\/wp-json\/wp\/v2\/users\/21"}],"replies":[{"embeddable":true,"href":"https:\/\/ultimato.com.br\/sites\/devocional-diaria\/wp-json\/wp\/v2\/comments?post=9720"}],"version-history":[{"count":1,"href":"https:\/\/ultimato.com.br\/sites\/devocional-diaria\/wp-json\/wp\/v2\/posts\/9720\/revisions"}],"predecessor-version":[{"id":9721,"href":"https:\/\/ultimato.com.br\/sites\/devocional-diaria\/wp-json\/wp\/v2\/posts\/9720\/revisions\/9721"}],"wp:featuredmedia":[{"embeddable":true,"href":"https:\/\/ultimato.com.br\/sites\/devocional-diaria\/wp-json\/wp\/v2\/media\/165"}],"wp:attachment":[{"href":"https:\/\/ultimato.com.br\/sites\/devocional-diaria\/wp-json\/wp\/v2\/media?parent=9720"}],"wp:term":[{"taxonomy":"category","embeddable":true,"href":"https:\/\/ultimato.com.br\/sites\/devocional-diaria\/wp-json\/wp\/v2\/categories?post=9720"},{"taxonomy":"post_tag","embeddable":true,"href":"https:\/\/ultimato.com.br\/sites\/devocional-diaria\/wp-json\/wp\/v2\/tags?post=9720"}],"curies":[{"name":"wp","href":"https:\/\/api.w.org\/{rel}","templated":true}]}}