{"id":9718,"date":"2022-06-24T00:00:50","date_gmt":"2022-06-24T02:00:50","guid":{"rendered":"https:\/\/ultimato.com.br\/sites\/devocional-diaria\/?p=9718"},"modified":"2022-06-14T11:41:50","modified_gmt":"2022-06-14T13:41:50","slug":"sobretudo-ame-a-deus","status":"publish","type":"post","link":"https:\/\/ultimato.com.br\/sites\/devocional-diaria\/2022\/06\/24\/autor\/elben-cesar\/sobretudo-ame-a-deus\/","title":{"rendered":"Sobretudo, ame a Deus"},"content":{"rendered":"<p>Qu\u00e3o am\u00e1veis s\u00e3o os teus tabern\u00e1culos, Senhor dos Ex\u00e9rcitos! A minha alma suspira e desfalece pelos \u00e1trios do Senhor; o meu cora\u00e7\u00e3o e a minha carne exultam pelo Deus vivo! (Salmos 84.1-2)<\/p>\n<p>Deus n\u00e3o \u00e9 uma for\u00e7a nem uma m\u00e1quina; n\u00e3o \u00e9 uma energia nem um nirvana.\u00a0\u00c9 uma pessoa sem princ\u00edpio e sem fim. Acima de tudo, ele \u00e9 uma pessoa que\u00a0ama e pode ser amada.<\/p>\n<p>O Salmo 31 diz: \u201cAmem o Senhor, todos os que lhe s\u00e3o fi\u00e9is!\u201d (v. 23). Mas,\u00a0muito antes, essa palavra j\u00e1 havia sido dada por Mois\u00e9s a todo o povo de Israel:\u00a0\u201cAmem o Senhor, nosso Deus, com todo o cora\u00e7\u00e3o, com toda a alma e com\u00a0todas as for\u00e7as\u201d (Dt 6.5). Para Jesus esse \u00e9 o primeiro, o maior e o mais importante\u00a0de todos os mandamentos. Os tr\u00eas Evangelhos Sin\u00f3ticos transcrevem\u00a0a palavra de Mois\u00e9s (Mt 22.37; Mc 12.30; Lc 10.27).<\/p>\n<p>Dois poetas diferentes em dois salmos diferentes afirmam com toda simplicidade:\u00a0\u201cEu amo a Deus, o Senhor\u201d (18.1; 116.1). De acordo com Jo\u00e3o, \u201co nosso\u00a0amor por ele vem como resultado de nos ter ele amado primeiro\u201d (1Jo 4.19).<\/p>\n<p>Todas as coisas trabalham juntas para o bem n\u00e3o de todo mundo, mas\u00a0\u201cdaqueles que amam a Deus, daqueles a quem ele chamou de acordo com o\u00a0seu plano\u201d (Rm 8.23). O amor a Deus \u00e9 um sentimento que precisa existir e\u00a0aumentar!<\/p>\n<p>A consequ\u00eancia natural de amarmos a Deus \u00e9 amarmos o pr\u00f3ximo \u201ccomo a\u00a0n\u00f3s mesmos\u201d, num maravilhoso fluxo da gra\u00e7a. Assim como Jesus, que \u201ctendo\u00a0amado os seus que estavam no mundo amou-os at\u00e9 ao fim\u201d (Jo 13.1).<\/p>\n<p>Senhor, ensina-me a amar-te verdadeiramente. Sem reservas, sem desculpas.\u00a0E ensina-me a amar o meu pr\u00f3ximo. Sem reservas, sem desculpas.<strong>\u00a0<\/strong><\/p>\n<p><strong>\u00a0<\/strong><\/p>\n<p><strong>&gt;&gt; Retirado de\u00a0<a href=\"https:\/\/www.ultimato.com.br\/loja\/produtos\/refeicoes-diarias-celebrando-a-reconciliacao\">Refei\u00e7\u00f5es Di\u00e1rias \u2013 Celebrando a Reconcilia\u00e7\u00e3o<\/a>. Editora Ultimato.<\/strong><\/p>\n<p>Ou\u00e7a as nossas devocionais pelo <a href=\"https:\/\/open.spotify.com\/show\/7CG8DL9dgWZEgPzX3rnk51?si=1dbGejI2TQS16eamNjb2rA\">Spotify<\/a>!<\/p>\n","protected":false},"excerpt":{"rendered":"<p>Qu\u00e3o am\u00e1veis s\u00e3o os teus tabern\u00e1culos, Senhor dos Ex\u00e9rcitos! A minha alma suspira e desfalece pelos \u00e1trios do Senhor; o meu cora\u00e7\u00e3o e a minha carne exultam pelo Deus vivo! (Salmos 84.1-2) Deus n\u00e3o \u00e9 uma for\u00e7a nem uma m\u00e1quina; n\u00e3o \u00e9 uma energia nem um nirvana.\u00a0\u00c9 uma pessoa sem princ\u00edpio e sem fim. Acima [&hellip;]<\/p>\n","protected":false},"author":21,"featured_media":161,"comment_status":"open","ping_status":"open","sticky":false,"template":"","format":"standard","meta":{"ngg_post_thumbnail":0,"footnotes":""},"categories":[5478],"tags":[],"class_list":["post-9718","post","type-post","status-publish","format-standard","has-post-thumbnail","hentry","category-elben-cesar"],"publishpress_future_action":{"enabled":false,"date":"2026-05-04 19:10:36","action":"change-status","newStatus":"draft","terms":[],"taxonomy":"category","extraData":[]},"publishpress_future_workflow_manual_trigger":{"enabledWorkflows":[]},"_links":{"self":[{"href":"https:\/\/ultimato.com.br\/sites\/devocional-diaria\/wp-json\/wp\/v2\/posts\/9718","targetHints":{"allow":["GET"]}}],"collection":[{"href":"https:\/\/ultimato.com.br\/sites\/devocional-diaria\/wp-json\/wp\/v2\/posts"}],"about":[{"href":"https:\/\/ultimato.com.br\/sites\/devocional-diaria\/wp-json\/wp\/v2\/types\/post"}],"author":[{"embeddable":true,"href":"https:\/\/ultimato.com.br\/sites\/devocional-diaria\/wp-json\/wp\/v2\/users\/21"}],"replies":[{"embeddable":true,"href":"https:\/\/ultimato.com.br\/sites\/devocional-diaria\/wp-json\/wp\/v2\/comments?post=9718"}],"version-history":[{"count":1,"href":"https:\/\/ultimato.com.br\/sites\/devocional-diaria\/wp-json\/wp\/v2\/posts\/9718\/revisions"}],"predecessor-version":[{"id":9719,"href":"https:\/\/ultimato.com.br\/sites\/devocional-diaria\/wp-json\/wp\/v2\/posts\/9718\/revisions\/9719"}],"wp:featuredmedia":[{"embeddable":true,"href":"https:\/\/ultimato.com.br\/sites\/devocional-diaria\/wp-json\/wp\/v2\/media\/161"}],"wp:attachment":[{"href":"https:\/\/ultimato.com.br\/sites\/devocional-diaria\/wp-json\/wp\/v2\/media?parent=9718"}],"wp:term":[{"taxonomy":"category","embeddable":true,"href":"https:\/\/ultimato.com.br\/sites\/devocional-diaria\/wp-json\/wp\/v2\/categories?post=9718"},{"taxonomy":"post_tag","embeddable":true,"href":"https:\/\/ultimato.com.br\/sites\/devocional-diaria\/wp-json\/wp\/v2\/tags?post=9718"}],"curies":[{"name":"wp","href":"https:\/\/api.w.org\/{rel}","templated":true}]}}