{"id":9716,"date":"2022-06-22T00:00:51","date_gmt":"2022-06-22T02:00:51","guid":{"rendered":"https:\/\/ultimato.com.br\/sites\/devocional-diaria\/?p=9716"},"modified":"2022-06-14T11:38:33","modified_gmt":"2022-06-14T13:38:33","slug":"o-salmo-do-pavao","status":"publish","type":"post","link":"https:\/\/ultimato.com.br\/sites\/devocional-diaria\/2022\/06\/22\/autor\/elben-cesar\/o-salmo-do-pavao\/","title":{"rendered":"O salmo do pav\u00e3o\u00a0"},"content":{"rendered":"<p>Nada me abalar\u00e1! Desgra\u00e7a alguma me atingir\u00e1, nem a mim\u00a0nem aos meus descendentes. (Sl 10.6)<\/p>\n<p>O salmo do pav\u00e3o reza assim: \u201cNada me abalar\u00e1! Desgra\u00e7a alguma\u00a0me atingir\u00e1; nem a mim nem aos meus descendentes\u201d (Sl 10.6). O salmo do\u00a0cordeiro tem outro tom: \u201cO Senhor \u00e9 o meu pastor; de nada terei falta.\u00a0Em verdes pastagens [Ele] me faz repousar e me conduz a \u00e1guas tranquilas;\u00a0restaura-me o vigor. Guia-me nas veredas da justi\u00e7a por amor do seu nome.\u00a0Mesmo quando eu andar por um vale de trevas e morte, n\u00e3o temerei\u00a0perigo algum, pois tu est\u00e1s comigo; a tua vara e o teu cajado me protegem\u201d\u00a0(Sl 23.1-4).<\/p>\n<p>H\u00e1 uma grande diferen\u00e7a entre o salmo do pav\u00e3o e o salmo do cordeiro,\u00a0embora mencionem coisas parecidas&#8230; O primeiro diz: \u201cNada me abalar\u00e1\u201d e\u00a0o segundo diz: \u201cDe nada terei falta\u201d. O problema \u00e9 que o pav\u00e3o se vale do\u00a0pensamento positivo, ao passo que o cordeiro se vale dos cuidados do\u00a0Bom Pastor.<\/p>\n<p>O salmo do pav\u00e3o \u00e9 arrogante e presun\u00e7oso. Traduz o discurso daqueles\u00a0que se julgam autossuficientes. Daqueles que emitem cheques sem fundo.\u00a0Daqueles que garantem: \u201cAinda que todos te abandonem, eu nunca te abandonarei!\u201d\u00a0(Mt 26.33). Daqueles que, de repente, ouvir\u00e3o a ordem vinda do\u00a0c\u00e9u: \u201cDerrubem a \u00e1rvore e cortem os seus galhos\u201d (Dn 4.14).<\/p>\n<p>Como se v\u00ea, o salmo do cordeiro \u00e9 quieto e cuidadoso. Traduz o discurso\u00a0daqueles que se julgam carentes. Daqueles que apelam para a miseric\u00f3rdia.\u00a0Daqueles que sempre ouvem a voz de Jesus: \u201cSem mim voc\u00eas n\u00e3o podem\u00a0fazer coisa alguma\u201d (Jo 15.5).<strong>\u00a0<\/strong><\/p>\n<p><strong>\u00a0<\/strong><\/p>\n<p><strong>&gt;&gt; Retirado de\u00a0<a href=\"http:\/\/www.ultimato.com.br\/loja\/produtos\/refeicoes-diarias-com-o-sabor-dos-salmos\">Refei\u00e7\u00f5es Di\u00e1rias com o Sabor dos Salmos<\/a> [Elben C\u00e9sar]. Editora Ultimato.<\/strong><strong>\u00a0<\/strong><\/p>\n<p>Ou\u00e7a as nossas devocionais pelo <a href=\"https:\/\/open.spotify.com\/show\/7CG8DL9dgWZEgPzX3rnk51?si=1dbGejI2TQS16eamNjb2rA\">Spotify<\/a>!<\/p>\n","protected":false},"excerpt":{"rendered":"<p>Nada me abalar\u00e1! Desgra\u00e7a alguma me atingir\u00e1, nem a mim\u00a0nem aos meus descendentes. (Sl 10.6) O salmo do pav\u00e3o reza assim: \u201cNada me abalar\u00e1! Desgra\u00e7a alguma\u00a0me atingir\u00e1; nem a mim nem aos meus descendentes\u201d (Sl 10.6). O salmo do\u00a0cordeiro tem outro tom: \u201cO Senhor \u00e9 o meu pastor; de nada terei falta.\u00a0Em verdes pastagens [Ele] [&hellip;]<\/p>\n","protected":false},"author":21,"featured_media":163,"comment_status":"open","ping_status":"open","sticky":false,"template":"","format":"standard","meta":{"ngg_post_thumbnail":0,"footnotes":""},"categories":[5478],"tags":[],"class_list":["post-9716","post","type-post","status-publish","format-standard","has-post-thumbnail","hentry","category-elben-cesar"],"publishpress_future_action":{"enabled":false,"date":"2026-05-04 19:10:36","action":"change-status","newStatus":"draft","terms":[],"taxonomy":"category","extraData":[]},"publishpress_future_workflow_manual_trigger":{"enabledWorkflows":[]},"_links":{"self":[{"href":"https:\/\/ultimato.com.br\/sites\/devocional-diaria\/wp-json\/wp\/v2\/posts\/9716","targetHints":{"allow":["GET"]}}],"collection":[{"href":"https:\/\/ultimato.com.br\/sites\/devocional-diaria\/wp-json\/wp\/v2\/posts"}],"about":[{"href":"https:\/\/ultimato.com.br\/sites\/devocional-diaria\/wp-json\/wp\/v2\/types\/post"}],"author":[{"embeddable":true,"href":"https:\/\/ultimato.com.br\/sites\/devocional-diaria\/wp-json\/wp\/v2\/users\/21"}],"replies":[{"embeddable":true,"href":"https:\/\/ultimato.com.br\/sites\/devocional-diaria\/wp-json\/wp\/v2\/comments?post=9716"}],"version-history":[{"count":1,"href":"https:\/\/ultimato.com.br\/sites\/devocional-diaria\/wp-json\/wp\/v2\/posts\/9716\/revisions"}],"predecessor-version":[{"id":9717,"href":"https:\/\/ultimato.com.br\/sites\/devocional-diaria\/wp-json\/wp\/v2\/posts\/9716\/revisions\/9717"}],"wp:featuredmedia":[{"embeddable":true,"href":"https:\/\/ultimato.com.br\/sites\/devocional-diaria\/wp-json\/wp\/v2\/media\/163"}],"wp:attachment":[{"href":"https:\/\/ultimato.com.br\/sites\/devocional-diaria\/wp-json\/wp\/v2\/media?parent=9716"}],"wp:term":[{"taxonomy":"category","embeddable":true,"href":"https:\/\/ultimato.com.br\/sites\/devocional-diaria\/wp-json\/wp\/v2\/categories?post=9716"},{"taxonomy":"post_tag","embeddable":true,"href":"https:\/\/ultimato.com.br\/sites\/devocional-diaria\/wp-json\/wp\/v2\/tags?post=9716"}],"curies":[{"name":"wp","href":"https:\/\/api.w.org\/{rel}","templated":true}]}}