{"id":9714,"date":"2022-06-23T00:00:24","date_gmt":"2022-06-23T02:00:24","guid":{"rendered":"https:\/\/ultimato.com.br\/sites\/devocional-diaria\/?p=9714"},"modified":"2022-06-14T11:36:08","modified_gmt":"2022-06-14T13:36:08","slug":"espinhos-e-graca","status":"publish","type":"post","link":"https:\/\/ultimato.com.br\/sites\/devocional-diaria\/2022\/06\/23\/autor\/j-i-packer\/espinhos-e-graca\/","title":{"rendered":"Espinhos e gra\u00e7a"},"content":{"rendered":"<p>Tr\u00eas vezes roguei ao Senhor que o tirasse de mim. Mas ele me disse: \u201cMinha gra\u00e7a \u00e9 suficiente para voc\u00ea\u201d. (2 Cor\u00edntios 12.8-9)<\/p>\n<p>Nosso Pai celestial nem sempre responde \u00e0s ora\u00e7\u00f5es de seus filhos do modo como n\u00f3s lhe pedimos. \u00c0s vezes, n\u00f3s pedimos a coisa errada! \u00c9 prerrogativa de Deus dar coisas boas, coisas das quais temos necessidade. Se, por falta de sabedoria, pedimos coisas que n\u00e3o s\u00e3o boas ou necess\u00e1rias, Deus, como qualquer bom pai, reserva a si o direito de dizer: \u201cN\u00e3o, isto n\u00e3o. N\u00e3o seria bom para voc\u00ea, mas vou lhe dar outra coisa melhor\u201d.<\/p>\n<p>Os bons pais nunca ignoram o que seus filhos est\u00e3o dizendo nem desprezam o que est\u00e3o sentindo ou necessitando. Deus tamb\u00e9m \u00e9 assim. Muitas vezes, ele nos d\u00e1 o que dever\u00edamos ter pedido em vez de dar o que pedimos de fato. Paulo pediu educadamente ao Senhor Jesus que lhe removesse o espinho na carne, mas o Senhor lhe respondeu educadamente que n\u00e3o iria remover, mas fortalec\u00ea-lo para conviver com ele (2Co 12.7-9). O Senhor sabia o que era melhor para Paulo! Pensar que esta resposta \u00e0 ora\u00e7\u00e3o de Paulo, na verdade, equivale a n\u00e3o receber resposta nenhuma seria totalmente errado. Este exemplo lan\u00e7a muita luz sobre o que, \u00e0s vezes, chamamos equivocadamente de \u201cproblema com ora\u00e7\u00f5es n\u00e3o respondidas\u201d.<\/p>\n<p>Para escrever: Escreva uma experi\u00eancia em que Deus n\u00e3o respondeu \u00e0 sua ora\u00e7\u00e3o como voc\u00ea esperava. Se pos\u00ads\u00edvel, expresse sua confian\u00e7a de que o \u201cespinho\u201d foi acom\u00adpanhado da gra\u00e7a de Deus.<strong>\u00a0<\/strong><\/p>\n<p><strong>\u00a0<\/strong><\/p>\n<p><strong>&gt;&gt; Retirado de\u00a0<\/strong><strong><a href=\"https:\/\/www.ultimato.com.br\/loja\/produtos\/conhecendo-a-deus-ao-longo-do-ano\">Conhecendo a Deus ao Longo do Ano<\/a><\/strong><strong> [J. I. Packer]<\/strong><strong>. Editora Ultimato.<\/strong><\/p>\n<p>Ou\u00e7a as nossas devocionais pelo <a href=\"https:\/\/open.spotify.com\/show\/7CG8DL9dgWZEgPzX3rnk51?si=1dbGejI2TQS16eamNjb2rA\">Spotify<\/a>!<\/p>\n","protected":false},"excerpt":{"rendered":"<p>Tr\u00eas vezes roguei ao Senhor que o tirasse de mim. Mas ele me disse: \u201cMinha gra\u00e7a \u00e9 suficiente para voc\u00ea\u201d. (2 Cor\u00edntios 12.8-9) Nosso Pai celestial nem sempre responde \u00e0s ora\u00e7\u00f5es de seus filhos do modo como n\u00f3s lhe pedimos. \u00c0s vezes, n\u00f3s pedimos a coisa errada! \u00c9 prerrogativa de Deus dar coisas boas, coisas [&hellip;]<\/p>\n","protected":false},"author":21,"featured_media":163,"comment_status":"open","ping_status":"open","sticky":false,"template":"","format":"standard","meta":{"ngg_post_thumbnail":0,"footnotes":""},"categories":[5655],"tags":[],"class_list":["post-9714","post","type-post","status-publish","format-standard","has-post-thumbnail","hentry","category-j-i-packer"],"publishpress_future_action":{"enabled":false,"date":"2026-05-04 17:34:09","action":"change-status","newStatus":"draft","terms":[],"taxonomy":"category","extraData":[]},"publishpress_future_workflow_manual_trigger":{"enabledWorkflows":[]},"_links":{"self":[{"href":"https:\/\/ultimato.com.br\/sites\/devocional-diaria\/wp-json\/wp\/v2\/posts\/9714","targetHints":{"allow":["GET"]}}],"collection":[{"href":"https:\/\/ultimato.com.br\/sites\/devocional-diaria\/wp-json\/wp\/v2\/posts"}],"about":[{"href":"https:\/\/ultimato.com.br\/sites\/devocional-diaria\/wp-json\/wp\/v2\/types\/post"}],"author":[{"embeddable":true,"href":"https:\/\/ultimato.com.br\/sites\/devocional-diaria\/wp-json\/wp\/v2\/users\/21"}],"replies":[{"embeddable":true,"href":"https:\/\/ultimato.com.br\/sites\/devocional-diaria\/wp-json\/wp\/v2\/comments?post=9714"}],"version-history":[{"count":1,"href":"https:\/\/ultimato.com.br\/sites\/devocional-diaria\/wp-json\/wp\/v2\/posts\/9714\/revisions"}],"predecessor-version":[{"id":9715,"href":"https:\/\/ultimato.com.br\/sites\/devocional-diaria\/wp-json\/wp\/v2\/posts\/9714\/revisions\/9715"}],"wp:featuredmedia":[{"embeddable":true,"href":"https:\/\/ultimato.com.br\/sites\/devocional-diaria\/wp-json\/wp\/v2\/media\/163"}],"wp:attachment":[{"href":"https:\/\/ultimato.com.br\/sites\/devocional-diaria\/wp-json\/wp\/v2\/media?parent=9714"}],"wp:term":[{"taxonomy":"category","embeddable":true,"href":"https:\/\/ultimato.com.br\/sites\/devocional-diaria\/wp-json\/wp\/v2\/categories?post=9714"},{"taxonomy":"post_tag","embeddable":true,"href":"https:\/\/ultimato.com.br\/sites\/devocional-diaria\/wp-json\/wp\/v2\/tags?post=9714"}],"curies":[{"name":"wp","href":"https:\/\/api.w.org\/{rel}","templated":true}]}}