{"id":9711,"date":"2022-06-21T00:00:44","date_gmt":"2022-06-21T02:00:44","guid":{"rendered":"https:\/\/ultimato.com.br\/sites\/devocional-diaria\/?p=9711"},"modified":"2022-06-14T11:33:43","modified_gmt":"2022-06-14T13:33:43","slug":"duro-e-este-discurso-3","status":"publish","type":"post","link":"https:\/\/ultimato.com.br\/sites\/devocional-diaria\/2022\/06\/21\/autor\/eugene-h-peterson\/duro-e-este-discurso-3\/","title":{"rendered":"Duro \u00e9 este discurso"},"content":{"rendered":"<p>Muitos de seus disc\u00edpulos ouviram isso e disseram: \u201c\u00c9 um discurso duro demais de engolir\u201d. Jesus percebeu que eles estavam tendo dificuldade com o assunto e disse: \u201cFicaram arrasados com o que disse? O que aconteceria se voc\u00eas vissem o Filho do Homem subindo para o lugar de onde veio? O Esp\u00edrito pode criar vida. M\u00fasculos e for\u00e7a de vontade nada fazem acontecer. Cada palavra que lhes digo prov\u00e9m do Esp\u00edrito, e \u00e9 capaz de criar vida. Mas alguns de voc\u00eas s\u00e3o resistentes e se recusam a ter parte nisso\u201d. (Jesus sabia desde o in\u00edcio que alguns n\u00e3o iriam segui-lo de fato. Sabia tamb\u00e9m quem iria tra\u00ed-lo.) Ele continuou: \u201cFoi por isso que antes eu disse a voc\u00eas que ningu\u00e9m \u00e9 capaz de vir a mim por conta pr\u00f3pria. Voc\u00eas v\u00eam a mim apenas como uma d\u00e1diva do Pai\u201d. (Jo\u00e3o 6.60-650<\/p>\n<p>A dificuldade n\u00e3o est\u00e1 no que devemos fazer, mas\u00a0no que n\u00e3o devemos fazer, ou seja, a tentativa de sermos\u00a0deuses ou deusas por nossa pr\u00f3pria conta. Trata-se de uma\u00a0bela ambi\u00e7\u00e3o da qual \u00e9 dif\u00edcil abrirmos m\u00e3o. Mas s\u00f3 podemos\u00a0aceitar a Cristo como Senhor e Salvador quando conseguimos\u00a0desistir dessa ambi\u00e7\u00e3o.\u00a0Por que alguns ainda n\u00e3o creem?<\/p>\n<p>Senhor, tu despeda\u00e7as os sonhos que mais acalento \u2013 os\u00a0de estar no controle de minha vida, os de controlar os\u00a0outros. Ent\u00e3o, tu d\u00e1s algo muito melhor \u2013 a vis\u00e3o de teu\u00a0senhorio e reden\u00e7\u00e3o. Expulsa a incredulidade de meu cora\u00e7\u00e3o\u00a0e concede-me f\u00e9, por tua miseric\u00f3rdia. Am\u00e9m.<strong>\u00a0<\/strong><\/p>\n<p><strong>\u00a0<\/strong><\/p>\n<p><strong>&gt;&gt; Retirado de\u00a0<a href=\"http:\/\/www.ultimato.com.br\/loja\/produtos\/um-ano-com-jesus\">Um Ano com Jesus<\/a>\u00a0[Eugene H. Peterson]. Editora Ultimato.<\/strong><\/p>\n<p>Ou\u00e7a as nossas devocionais pelo <a href=\"https:\/\/open.spotify.com\/show\/7CG8DL9dgWZEgPzX3rnk51?si=1dbGejI2TQS16eamNjb2rA\">Spotify<\/a>!<\/p>\n","protected":false},"excerpt":{"rendered":"<p>Muitos de seus disc\u00edpulos ouviram isso e disseram: \u201c\u00c9 um discurso duro demais de engolir\u201d. Jesus percebeu que eles estavam tendo dificuldade com o assunto e disse: \u201cFicaram arrasados com o que disse? O que aconteceria se voc\u00eas vissem o Filho do Homem subindo para o lugar de onde veio? O Esp\u00edrito pode criar vida. [&hellip;]<\/p>\n","protected":false},"author":21,"featured_media":164,"comment_status":"open","ping_status":"open","sticky":false,"template":"","format":"standard","meta":{"ngg_post_thumbnail":0,"footnotes":""},"categories":[17809],"tags":[],"class_list":["post-9711","post","type-post","status-publish","format-standard","has-post-thumbnail","hentry","category-eugene-h-peterson"],"publishpress_future_action":{"enabled":false,"date":"2026-05-04 17:56:22","action":"change-status","newStatus":"draft","terms":[],"taxonomy":"category","extraData":[]},"publishpress_future_workflow_manual_trigger":{"enabledWorkflows":[]},"_links":{"self":[{"href":"https:\/\/ultimato.com.br\/sites\/devocional-diaria\/wp-json\/wp\/v2\/posts\/9711","targetHints":{"allow":["GET"]}}],"collection":[{"href":"https:\/\/ultimato.com.br\/sites\/devocional-diaria\/wp-json\/wp\/v2\/posts"}],"about":[{"href":"https:\/\/ultimato.com.br\/sites\/devocional-diaria\/wp-json\/wp\/v2\/types\/post"}],"author":[{"embeddable":true,"href":"https:\/\/ultimato.com.br\/sites\/devocional-diaria\/wp-json\/wp\/v2\/users\/21"}],"replies":[{"embeddable":true,"href":"https:\/\/ultimato.com.br\/sites\/devocional-diaria\/wp-json\/wp\/v2\/comments?post=9711"}],"version-history":[{"count":2,"href":"https:\/\/ultimato.com.br\/sites\/devocional-diaria\/wp-json\/wp\/v2\/posts\/9711\/revisions"}],"predecessor-version":[{"id":9713,"href":"https:\/\/ultimato.com.br\/sites\/devocional-diaria\/wp-json\/wp\/v2\/posts\/9711\/revisions\/9713"}],"wp:featuredmedia":[{"embeddable":true,"href":"https:\/\/ultimato.com.br\/sites\/devocional-diaria\/wp-json\/wp\/v2\/media\/164"}],"wp:attachment":[{"href":"https:\/\/ultimato.com.br\/sites\/devocional-diaria\/wp-json\/wp\/v2\/media?parent=9711"}],"wp:term":[{"taxonomy":"category","embeddable":true,"href":"https:\/\/ultimato.com.br\/sites\/devocional-diaria\/wp-json\/wp\/v2\/categories?post=9711"},{"taxonomy":"post_tag","embeddable":true,"href":"https:\/\/ultimato.com.br\/sites\/devocional-diaria\/wp-json\/wp\/v2\/tags?post=9711"}],"curies":[{"name":"wp","href":"https:\/\/api.w.org\/{rel}","templated":true}]}}