{"id":9709,"date":"2022-06-20T00:00:34","date_gmt":"2022-06-20T02:00:34","guid":{"rendered":"https:\/\/ultimato.com.br\/sites\/devocional-diaria\/?p=9709"},"modified":"2022-06-14T11:30:55","modified_gmt":"2022-06-14T13:30:55","slug":"comece-a-comecar","status":"publish","type":"post","link":"https:\/\/ultimato.com.br\/sites\/devocional-diaria\/2022\/06\/20\/autor\/j-i-packer\/comece-a-comecar\/","title":{"rendered":"Comece a come\u00e7ar"},"content":{"rendered":"<p>O zelo da tua casa me devorar\u00e1. (Jo\u00e3o 2.17, ARA)<\/p>\n<p>O ci\u00fame de Deus exige que sejamos zelosos para com Deus. Assim como a resposta certa ao amor de Deus por n\u00f3s \u00e9 am\u00e1-lo, a resposta certa ao seu ci\u00fame por n\u00f3s \u00e9 ser zeloso para com ele. Deus tem grande cuidado por n\u00f3s; n\u00f3s tamb\u00e9m devemos ter muito cuidado com ele.<\/p>\n<p>O segundo mandamento sugere que o povo de Deus deve\u00adria ser positiva e fervorosamente dedicado \u00e0 pessoa de Deus, sua causa e sua honra. A palavra b\u00edblica para tal devo\u00e7\u00e3o \u00e9 zelo, \u00e0s vezes, de fato, traduzida como \u201cci\u00fame de Deus\u201d. O pr\u00f3prio Deus, como j\u00e1 vimos, manifesta este zelo, e os cris\u00adt\u00e3os tamb\u00e9m devem manifest\u00e1-lo.<\/p>\n<p>O zelo pela casa e pela causa de Deus nos devora? Nos domina? Nos consome? Podemos dizer como o Mestre: \u201cA minha comida \u00e9 fazer a vontade daquele que me enviou e concluir a sua obra\u201d (Jo 4.34)? Que tipo de disc\u00edpulo temossido? Temos sentido a necessidade de orar como o fervoroso evangelista George Whitefield (um homem t\u00e3o humilde quanto zeloso): \u201cDeus, me ajude a come\u00e7ar a come\u00e7ar\u201d?<\/p>\n<p>Para orar: Volte aos \u00faltimos estudos sobre o ci\u00fame de Deus e fa\u00e7a da ora\u00e7\u00e3o de George Whitefield a sua ora\u00e7\u00e3o.<strong>\u00a0<\/strong><\/p>\n<p><strong>\u00a0<\/strong><\/p>\n<p><strong>&gt;&gt; Retirado de\u00a0<\/strong><strong><a href=\"https:\/\/www.ultimato.com.br\/loja\/produtos\/conhecendo-a-deus-ao-longo-do-ano\">Conhecendo a Deus ao Longo do Ano<\/a><\/strong><strong> [J. I. Packer]<\/strong><strong>. Editora Ultimato.<\/strong><\/p>\n<p>Ou\u00e7a as nossas devocionais pelo <a href=\"https:\/\/open.spotify.com\/show\/7CG8DL9dgWZEgPzX3rnk51?si=1dbGejI2TQS16eamNjb2rA\">Spotify<\/a>!<\/p>\n","protected":false},"excerpt":{"rendered":"<p>O zelo da tua casa me devorar\u00e1. (Jo\u00e3o 2.17, ARA) O ci\u00fame de Deus exige que sejamos zelosos para com Deus. Assim como a resposta certa ao amor de Deus por n\u00f3s \u00e9 am\u00e1-lo, a resposta certa ao seu ci\u00fame por n\u00f3s \u00e9 ser zeloso para com ele. Deus tem grande cuidado por n\u00f3s; n\u00f3s [&hellip;]<\/p>\n","protected":false},"author":21,"featured_media":165,"comment_status":"open","ping_status":"open","sticky":false,"template":"","format":"standard","meta":{"ngg_post_thumbnail":0,"footnotes":""},"categories":[5655],"tags":[],"class_list":["post-9709","post","type-post","status-publish","format-standard","has-post-thumbnail","hentry","category-j-i-packer"],"publishpress_future_action":{"enabled":false,"date":"2026-05-04 17:34:07","action":"change-status","newStatus":"draft","terms":[],"taxonomy":"category","extraData":[]},"publishpress_future_workflow_manual_trigger":{"enabledWorkflows":[]},"_links":{"self":[{"href":"https:\/\/ultimato.com.br\/sites\/devocional-diaria\/wp-json\/wp\/v2\/posts\/9709","targetHints":{"allow":["GET"]}}],"collection":[{"href":"https:\/\/ultimato.com.br\/sites\/devocional-diaria\/wp-json\/wp\/v2\/posts"}],"about":[{"href":"https:\/\/ultimato.com.br\/sites\/devocional-diaria\/wp-json\/wp\/v2\/types\/post"}],"author":[{"embeddable":true,"href":"https:\/\/ultimato.com.br\/sites\/devocional-diaria\/wp-json\/wp\/v2\/users\/21"}],"replies":[{"embeddable":true,"href":"https:\/\/ultimato.com.br\/sites\/devocional-diaria\/wp-json\/wp\/v2\/comments?post=9709"}],"version-history":[{"count":1,"href":"https:\/\/ultimato.com.br\/sites\/devocional-diaria\/wp-json\/wp\/v2\/posts\/9709\/revisions"}],"predecessor-version":[{"id":9710,"href":"https:\/\/ultimato.com.br\/sites\/devocional-diaria\/wp-json\/wp\/v2\/posts\/9709\/revisions\/9710"}],"wp:featuredmedia":[{"embeddable":true,"href":"https:\/\/ultimato.com.br\/sites\/devocional-diaria\/wp-json\/wp\/v2\/media\/165"}],"wp:attachment":[{"href":"https:\/\/ultimato.com.br\/sites\/devocional-diaria\/wp-json\/wp\/v2\/media?parent=9709"}],"wp:term":[{"taxonomy":"category","embeddable":true,"href":"https:\/\/ultimato.com.br\/sites\/devocional-diaria\/wp-json\/wp\/v2\/categories?post=9709"},{"taxonomy":"post_tag","embeddable":true,"href":"https:\/\/ultimato.com.br\/sites\/devocional-diaria\/wp-json\/wp\/v2\/tags?post=9709"}],"curies":[{"name":"wp","href":"https:\/\/api.w.org\/{rel}","templated":true}]}}