{"id":9707,"date":"2022-06-17T00:00:39","date_gmt":"2022-06-17T02:00:39","guid":{"rendered":"https:\/\/ultimato.com.br\/sites\/devocional-diaria\/?p=9707"},"modified":"2022-06-08T11:19:37","modified_gmt":"2022-06-08T13:19:37","slug":"nao-se-esqueca-do-desperdicio-2","status":"publish","type":"post","link":"https:\/\/ultimato.com.br\/sites\/devocional-diaria\/2022\/06\/17\/autor\/elben-cesar\/nao-se-esqueca-do-desperdicio-2\/","title":{"rendered":"N\u00e3o se esque\u00e7a do desperd\u00edcio"},"content":{"rendered":"<p>O jovem que vive correndo atr\u00e1s de prostitutas joga na lama o nome e as riquezas da fam\u00edlia. (Prov\u00e9rbios 29.3, BV)<\/p>\n<p>Tenho falado em desperd\u00edcio algumas vezes. Nem sempre voc\u00ea percebe. O desperd\u00edcio \u00e9 algo s\u00e9rio. Nas duas multiplica\u00e7\u00f5es de p\u00e3es e peixes, ordenei aos disc\u00edpulos que recolhessem o que havia sobrado. Eles encheram doze cestos na primeira (Mt 14.20) e sete cestos na se\u00adgunda (Mt 15.37). Na par\u00e1bola da figueira est\u00e9ril, chamei a aten\u00e7\u00e3o dos disc\u00edpulos para o desperd\u00edcio provocado por aquela \u00e1rvore que tirava \u201ca for\u00e7a da terra sem produzir nada\u201d, al\u00e9m de ocupar inutilmente o espa\u00e7o de outra \u00e1rvore (Lc 13.7, NTLH).<\/p>\n<p>Na par\u00e1bola do filho perdido, mostrei outro tipo de desperd\u00edcio: o rapaz, por viver uma vida cheia de pecado, \u201cdesperdi\u00e7ou tudo o que ti\u00adnha\u201d \u2014 n\u00e3o s\u00f3 a heran\u00e7a recebida do pai, mas tamb\u00e9m todos os valores \u00e9ticos at\u00e9 ent\u00e3o amealhados (Lc 15.13).<\/p>\n<p>O maior de todos os desperd\u00edcios \u00e9 o da gra\u00e7a, aquela oportunidade que precede a trag\u00e9dia, como no caso de Jerusal\u00e9m. Por causa desse desperd\u00edcio, a cidade foi cercada, arrasada e destru\u00edda, e nela n\u00e3o ficou pedra sobre pedra (Lc 19.42-44).<\/p>\n<p>\u2014 Deus, n\u00e3o me permites desperdi\u00e7ar sua gra\u00e7a!<strong>\u00a0<\/strong><\/p>\n<p><strong>\u00a0<\/strong><\/p>\n<p><strong>&gt;&gt; Retirado de\u00a0<a href=\"https:\/\/www.ultimato.com.br\/loja\/produtos\/refeicoes-diarias-com-jesus\">Refei\u00e7\u00f5es Di\u00e1rias com Jesus<\/a> [Elben C\u00e9sar]. Editora Ultimato.<\/strong><\/p>\n<p>Ou\u00e7a as nossas devocionais pelo <a href=\"https:\/\/open.spotify.com\/show\/7CG8DL9dgWZEgPzX3rnk51?si=1dbGejI2TQS16eamNjb2rA\">Spotify<\/a>!<\/p>\n","protected":false},"excerpt":{"rendered":"<p>O jovem que vive correndo atr\u00e1s de prostitutas joga na lama o nome e as riquezas da fam\u00edlia. (Prov\u00e9rbios 29.3, BV) Tenho falado em desperd\u00edcio algumas vezes. Nem sempre voc\u00ea percebe. O desperd\u00edcio \u00e9 algo s\u00e9rio. Nas duas multiplica\u00e7\u00f5es de p\u00e3es e peixes, ordenei aos disc\u00edpulos que recolhessem o que havia sobrado. Eles encheram doze [&hellip;]<\/p>\n","protected":false},"author":21,"featured_media":161,"comment_status":"open","ping_status":"open","sticky":false,"template":"","format":"standard","meta":{"ngg_post_thumbnail":0,"footnotes":""},"categories":[5478],"tags":[],"class_list":["post-9707","post","type-post","status-publish","format-standard","has-post-thumbnail","hentry","category-elben-cesar"],"publishpress_future_action":{"enabled":false,"date":"2026-05-04 19:24:14","action":"change-status","newStatus":"draft","terms":[],"taxonomy":"category","extraData":[]},"publishpress_future_workflow_manual_trigger":{"enabledWorkflows":[]},"_links":{"self":[{"href":"https:\/\/ultimato.com.br\/sites\/devocional-diaria\/wp-json\/wp\/v2\/posts\/9707","targetHints":{"allow":["GET"]}}],"collection":[{"href":"https:\/\/ultimato.com.br\/sites\/devocional-diaria\/wp-json\/wp\/v2\/posts"}],"about":[{"href":"https:\/\/ultimato.com.br\/sites\/devocional-diaria\/wp-json\/wp\/v2\/types\/post"}],"author":[{"embeddable":true,"href":"https:\/\/ultimato.com.br\/sites\/devocional-diaria\/wp-json\/wp\/v2\/users\/21"}],"replies":[{"embeddable":true,"href":"https:\/\/ultimato.com.br\/sites\/devocional-diaria\/wp-json\/wp\/v2\/comments?post=9707"}],"version-history":[{"count":1,"href":"https:\/\/ultimato.com.br\/sites\/devocional-diaria\/wp-json\/wp\/v2\/posts\/9707\/revisions"}],"predecessor-version":[{"id":9708,"href":"https:\/\/ultimato.com.br\/sites\/devocional-diaria\/wp-json\/wp\/v2\/posts\/9707\/revisions\/9708"}],"wp:featuredmedia":[{"embeddable":true,"href":"https:\/\/ultimato.com.br\/sites\/devocional-diaria\/wp-json\/wp\/v2\/media\/161"}],"wp:attachment":[{"href":"https:\/\/ultimato.com.br\/sites\/devocional-diaria\/wp-json\/wp\/v2\/media?parent=9707"}],"wp:term":[{"taxonomy":"category","embeddable":true,"href":"https:\/\/ultimato.com.br\/sites\/devocional-diaria\/wp-json\/wp\/v2\/categories?post=9707"},{"taxonomy":"post_tag","embeddable":true,"href":"https:\/\/ultimato.com.br\/sites\/devocional-diaria\/wp-json\/wp\/v2\/tags?post=9707"}],"curies":[{"name":"wp","href":"https:\/\/api.w.org\/{rel}","templated":true}]}}