{"id":9701,"date":"2022-06-14T00:00:14","date_gmt":"2022-06-14T02:00:14","guid":{"rendered":"https:\/\/ultimato.com.br\/sites\/devocional-diaria\/?p=9701"},"modified":"2022-06-08T10:49:40","modified_gmt":"2022-06-08T12:49:40","slug":"todo-limpo","status":"publish","type":"post","link":"https:\/\/ultimato.com.br\/sites\/devocional-diaria\/2022\/06\/14\/autor\/eugene-h-peterson\/todo-limpo\/","title":{"rendered":"Todo limpo"},"content":{"rendered":"<p>Pedro insistiu: \u201cO senhor n\u00e3o vai lavar meus p\u00e9s \u2013 nunca!\u201d. Jesus disse: \u201cSe eu n\u00e3o lavar, voc\u00ea n\u00e3o poder\u00e1 ser parte do que estou fazendo\u201d. \u201cSenhor!\u201d, disse Pedro, \u201cn\u00e3o apenas meus p\u00e9s. Lave minhas m\u00e3os! Lave minha cabe\u00e7a!\u201d. (Jo\u00e3o 13.8-9)<\/p>\n<p>Os atos de ministra\u00e7\u00e3o que t\u00eam efeito sobre n\u00f3s em\u00a0Cristo n\u00e3o s\u00e3o s\u00edmbolos, trivialidades externas que podem\u00a0ou n\u00e3o nos fazer lembrar de algo importante; s\u00e3o sinais sacramentais:\u00a0evid\u00eancias de uma profunda e completa transforma\u00e7\u00e3o\u00a0interior.\u00a0Compare isso com 1 Jo\u00e3o 1.9.<\/p>\n<p>Purifica-me, Cristo. Lava a mancha do pecado de minha\u00a0alma, sopra a poeira da d\u00favida de minha mente, limpa a\u00a0sujeira do mal de meu esp\u00edrito: \u201cEu quero estar perfeitamente\u00a0inteiro\u201d. Am\u00e9m.<strong>\u00a0<\/strong><\/p>\n<p><strong>\u00a0<\/strong><\/p>\n<p><strong>&gt;&gt; Retirado de\u00a0<a href=\"http:\/\/www.ultimato.com.br\/loja\/produtos\/um-ano-com-jesus\">Um Ano com Jesus<\/a>\u00a0[Eugene H. Peterson]. Editora Ultimato.<\/strong><\/p>\n<p>Ou\u00e7a as nossas devocionais pelo <a href=\"https:\/\/open.spotify.com\/show\/7CG8DL9dgWZEgPzX3rnk51?si=1dbGejI2TQS16eamNjb2rA\">Spotify<\/a>!<\/p>\n","protected":false},"excerpt":{"rendered":"<p>Pedro insistiu: \u201cO senhor n\u00e3o vai lavar meus p\u00e9s \u2013 nunca!\u201d. Jesus disse: \u201cSe eu n\u00e3o lavar, voc\u00ea n\u00e3o poder\u00e1 ser parte do que estou fazendo\u201d. \u201cSenhor!\u201d, disse Pedro, \u201cn\u00e3o apenas meus p\u00e9s. Lave minhas m\u00e3os! Lave minha cabe\u00e7a!\u201d. (Jo\u00e3o 13.8-9) Os atos de ministra\u00e7\u00e3o que t\u00eam efeito sobre n\u00f3s em\u00a0Cristo n\u00e3o s\u00e3o s\u00edmbolos, trivialidades [&hellip;]<\/p>\n","protected":false},"author":21,"featured_media":164,"comment_status":"open","ping_status":"open","sticky":false,"template":"","format":"standard","meta":{"ngg_post_thumbnail":0,"footnotes":""},"categories":[17809],"tags":[],"class_list":["post-9701","post","type-post","status-publish","format-standard","has-post-thumbnail","hentry","category-eugene-h-peterson"],"publishpress_future_action":{"enabled":false,"date":"2026-05-04 18:01:57","action":"change-status","newStatus":"draft","terms":[],"taxonomy":"category","extraData":[]},"publishpress_future_workflow_manual_trigger":{"enabledWorkflows":[]},"_links":{"self":[{"href":"https:\/\/ultimato.com.br\/sites\/devocional-diaria\/wp-json\/wp\/v2\/posts\/9701","targetHints":{"allow":["GET"]}}],"collection":[{"href":"https:\/\/ultimato.com.br\/sites\/devocional-diaria\/wp-json\/wp\/v2\/posts"}],"about":[{"href":"https:\/\/ultimato.com.br\/sites\/devocional-diaria\/wp-json\/wp\/v2\/types\/post"}],"author":[{"embeddable":true,"href":"https:\/\/ultimato.com.br\/sites\/devocional-diaria\/wp-json\/wp\/v2\/users\/21"}],"replies":[{"embeddable":true,"href":"https:\/\/ultimato.com.br\/sites\/devocional-diaria\/wp-json\/wp\/v2\/comments?post=9701"}],"version-history":[{"count":1,"href":"https:\/\/ultimato.com.br\/sites\/devocional-diaria\/wp-json\/wp\/v2\/posts\/9701\/revisions"}],"predecessor-version":[{"id":9702,"href":"https:\/\/ultimato.com.br\/sites\/devocional-diaria\/wp-json\/wp\/v2\/posts\/9701\/revisions\/9702"}],"wp:featuredmedia":[{"embeddable":true,"href":"https:\/\/ultimato.com.br\/sites\/devocional-diaria\/wp-json\/wp\/v2\/media\/164"}],"wp:attachment":[{"href":"https:\/\/ultimato.com.br\/sites\/devocional-diaria\/wp-json\/wp\/v2\/media?parent=9701"}],"wp:term":[{"taxonomy":"category","embeddable":true,"href":"https:\/\/ultimato.com.br\/sites\/devocional-diaria\/wp-json\/wp\/v2\/categories?post=9701"},{"taxonomy":"post_tag","embeddable":true,"href":"https:\/\/ultimato.com.br\/sites\/devocional-diaria\/wp-json\/wp\/v2\/tags?post=9701"}],"curies":[{"name":"wp","href":"https:\/\/api.w.org\/{rel}","templated":true}]}}