{"id":9692,"date":"2022-06-11T00:00:08","date_gmt":"2022-06-11T02:00:08","guid":{"rendered":"https:\/\/ultimato.com.br\/sites\/devocional-diaria\/?p=9692"},"modified":"2022-05-30T14:16:10","modified_gmt":"2022-05-30T16:16:10","slug":"entre-o-medo-e-a-fe","status":"publish","type":"post","link":"https:\/\/ultimato.com.br\/sites\/devocional-diaria\/2022\/06\/11\/autor\/elben-cesar\/entre-o-medo-e-a-fe\/","title":{"rendered":"Entre o medo e a f\u00e9"},"content":{"rendered":"<p>Apavorados, os disc\u00edpulos diziam uns aos outros: \u201cQuem \u00e9 este homem? At\u00e9 o vento e o mar lhe obedecem!\u201d. (Marcos 4.41)<\/p>\n<p>Depois de muito ensinar em par\u00e1bolas, Jesus e os disc\u00edpulos, cansados ao final\u00a0do dia, decidem tomar o barco em dire\u00e7\u00e3o ao outro lado do lago de Genesar\u00e9.<\/p>\n<p>Quatro deles eram pescadores, experientes em manejar barcos. Jesus dorme\u00a0no que parece ser o assento do capit\u00e3o do barco. Uma terr\u00edvel tempestade lhes\u00a0alcan\u00e7a. Ventos fortes, ondas altas, \u00e1gua no barco. Eles tentam resolver a situa\u00e7\u00e3o\u00a0com suas pr\u00f3prias for\u00e7as e recursos.<\/p>\n<p>Possivelmente algumas perguntas lhes vieram \u00e0 mente. Por que Jesus est\u00e1\u00a0ausente? Por que ele n\u00e3o controla a situa\u00e7\u00e3o? Por que est\u00e1 em sil\u00eancio? Por que\u00a0dorme? Ele n\u00e3o se importa que morramos? Essa \u00faltima explicitada por eles.<\/p>\n<p>H\u00e1 um medo imediato e urgente: n\u00f3s vamos morrer! E outro possivelmente\u00a0mais profundo, dif\u00edcil de sentir e de explicar: o medo de que Jesus talvez n\u00e3o\u00a0se interesse por eles.<\/p>\n<p>Quando Jesus desperta ele demonstra poder sobre as for\u00e7as da natureza,\u00a0sobre essas for\u00e7as que s\u00e3o fonte da ansiedade e do medo dos disc\u00edpulos. Jesus\u00a0n\u00e3o tira a \u00e1gua do barco nem busca acalm\u00e1-los. Ele atua, mesmo que aparentemente\u00a0tarde aos olhos deles, para mudar a situa\u00e7\u00e3o.<\/p>\n<p>Agora \u00e9 Jesus quem os questiona: \u201cPor que est\u00e3o com medo? Ainda n\u00e3o\u00a0t\u00eam f\u00e9?\u201d. O que nos leva \u00e0 interessante descoberta de que aqui, o oposto da\u00a0f\u00e9 n\u00e3o \u00e9 a d\u00favida, mas o medo.<\/p>\n<p>A d\u00favida e o medo muitas vezes est\u00e3o conectados. Mas a d\u00favida \u00e0s vezes \u00e9\u00a0mais racional, demanda uma evid\u00eancia, uma prova. O medo por vezes \u00e9 irracional\u00a0e n\u00e3o se explica. O medo tamb\u00e9m costuma nos paralisar, nos impede\u00a0de ver com clareza, engessa e torna mais dif\u00edcil que nos movamos em dire\u00e7\u00e3o \u00e0\u00a0sa\u00edda de uma situa\u00e7\u00e3o. Jesus confronta os disc\u00edpulos por causa do medo deles.<\/p>\n<p>Curiosamente, ao final, eles parecem continuar com medo, apavorados,\u00a0mas agora por causa do pr\u00f3prio Jesus. Pelo menos isso os leva \u00e0 pergunta mais\u00a0importante que poderiam enunciar em toda a sua vida: \u201cQuem \u00e9 este homem?\u201d.<\/p>\n<p>Tu que acalmas os ventos e os mares, leva-me do medo \u00e0 f\u00e9, e a te conhecer\u00a0como tu \u00e9s.<strong>\u00a0<\/strong><\/p>\n<p><strong>\u00a0<\/strong><\/p>\n<p><strong>&gt;&gt; Retirado de\u00a0<a href=\"https:\/\/www.ultimato.com.br\/loja\/produtos\/refeicoes-diarias-celebrando-a-reconciliacao\">Refei\u00e7\u00f5es Di\u00e1rias \u2013 Celebrando a Reconcilia\u00e7\u00e3o<\/a>. Editora Ultimato.<\/strong><\/p>\n","protected":false},"excerpt":{"rendered":"<p>Apavorados, os disc\u00edpulos diziam uns aos outros: \u201cQuem \u00e9 este homem? At\u00e9 o vento e o mar lhe obedecem!\u201d. (Marcos 4.41) Depois de muito ensinar em par\u00e1bolas, Jesus e os disc\u00edpulos, cansados ao final\u00a0do dia, decidem tomar o barco em dire\u00e7\u00e3o ao outro lado do lago de Genesar\u00e9. Quatro deles eram pescadores, experientes em manejar [&hellip;]<\/p>\n","protected":false},"author":21,"featured_media":157,"comment_status":"open","ping_status":"open","sticky":false,"template":"","format":"standard","meta":{"ngg_post_thumbnail":0,"footnotes":""},"categories":[5478],"tags":[],"class_list":["post-9692","post","type-post","status-publish","format-standard","has-post-thumbnail","hentry","category-elben-cesar"],"publishpress_future_action":{"enabled":false,"date":"2026-05-04 20:35:02","action":"change-status","newStatus":"draft","terms":[],"taxonomy":"category","extraData":[]},"publishpress_future_workflow_manual_trigger":{"enabledWorkflows":[]},"_links":{"self":[{"href":"https:\/\/ultimato.com.br\/sites\/devocional-diaria\/wp-json\/wp\/v2\/posts\/9692","targetHints":{"allow":["GET"]}}],"collection":[{"href":"https:\/\/ultimato.com.br\/sites\/devocional-diaria\/wp-json\/wp\/v2\/posts"}],"about":[{"href":"https:\/\/ultimato.com.br\/sites\/devocional-diaria\/wp-json\/wp\/v2\/types\/post"}],"author":[{"embeddable":true,"href":"https:\/\/ultimato.com.br\/sites\/devocional-diaria\/wp-json\/wp\/v2\/users\/21"}],"replies":[{"embeddable":true,"href":"https:\/\/ultimato.com.br\/sites\/devocional-diaria\/wp-json\/wp\/v2\/comments?post=9692"}],"version-history":[{"count":1,"href":"https:\/\/ultimato.com.br\/sites\/devocional-diaria\/wp-json\/wp\/v2\/posts\/9692\/revisions"}],"predecessor-version":[{"id":9693,"href":"https:\/\/ultimato.com.br\/sites\/devocional-diaria\/wp-json\/wp\/v2\/posts\/9692\/revisions\/9693"}],"wp:featuredmedia":[{"embeddable":true,"href":"https:\/\/ultimato.com.br\/sites\/devocional-diaria\/wp-json\/wp\/v2\/media\/157"}],"wp:attachment":[{"href":"https:\/\/ultimato.com.br\/sites\/devocional-diaria\/wp-json\/wp\/v2\/media?parent=9692"}],"wp:term":[{"taxonomy":"category","embeddable":true,"href":"https:\/\/ultimato.com.br\/sites\/devocional-diaria\/wp-json\/wp\/v2\/categories?post=9692"},{"taxonomy":"post_tag","embeddable":true,"href":"https:\/\/ultimato.com.br\/sites\/devocional-diaria\/wp-json\/wp\/v2\/tags?post=9692"}],"curies":[{"name":"wp","href":"https:\/\/api.w.org\/{rel}","templated":true}]}}