{"id":9690,"date":"2022-06-10T00:00:34","date_gmt":"2022-06-10T02:00:34","guid":{"rendered":"https:\/\/ultimato.com.br\/sites\/devocional-diaria\/?p=9690"},"modified":"2022-05-30T14:11:25","modified_gmt":"2022-05-30T16:11:25","slug":"jesus-o-ousado","status":"publish","type":"post","link":"https:\/\/ultimato.com.br\/sites\/devocional-diaria\/2022\/06\/10\/autor\/elben-cesar\/jesus-o-ousado\/","title":{"rendered":"Jesus, o ousado"},"content":{"rendered":"<p>Quem beber da \u00e1gua que eu lhe der nunca mais ter\u00e1 sede. Ao contr\u00e1rio, a \u00e1gua que eu lhe der se tornar\u00e1 nele uma fonte de \u00e1gua a jorrar para a vida eterna. Jo\u00e3o 4.14, NVI<\/p>\n<p>Jerusal\u00e9m estava apinhada de gente. A Festa dos Tabern\u00e1culos, \u00faltima das grandes festas religiosas do povo, reunia judeus das tr\u00eas prov\u00edn\u00adcias. Era a segunda quinzena do s\u00e9timo m\u00eas, logo ap\u00f3s a safra do ou\u00adtono. A festa durava oito dias. Os peregrinos e os residentes armavam barracas para comemorar o tempo em que seus antepassados, por ocasi\u00e3o do \u00eaxodo, moravam em abrigos tempor\u00e1rios. Entre os foras\u00adteiros estavam os irm\u00e3os de Jesus, vindos da Galileia. Jesus foi depois deles e procurava n\u00e3o se expor. O ambiente n\u00e3o lhe era favor\u00e1vel, pois queriam mat\u00e1-lo (Jo 7.25) ou prend\u00ea-lo (Jo 7.30, 32, 44).<\/p>\n<p>Apesar do perigo, no meio da festa, Jesus foi ao templo e come\u00e7ou a ensinar (Jo 7.14). Quando chegou o \u00faltimo e o mais importante e solene dia da festa, o dia do encerramento, enquanto todos desmontavam suas barracas, Jesus p\u00f4s-se de p\u00e9 (ele sempre falava assentado) e fez, em voz bem alta, o seguinte pronunciamento: \u201cSe algu\u00e9m tem sede, venha a mim e beba\u201d (Jo 7.37). Talvez tenha sido o momento de maior ousadia de Jesus, levando-se em conta as circunst\u00e2ncias e o conte\u00fado de sua fala.<\/p>\n<p>\u2014 Como eu sou t\u00edmido, principalmente \u00e0 vista da coragem do meu Senhor!<\/p>\n<p><strong>\u00a0<\/strong><\/p>\n<p><strong>&gt;&gt; Retirado de\u00a0<a href=\"https:\/\/www.ultimato.com.br\/loja\/produtos\/refeicoes-diarias-com-jesus\">Refei\u00e7\u00f5es Di\u00e1rias com Jesus<\/a> [Elben C\u00e9sar]. Editora Ultimato.<\/strong><\/p>\n<p>Ou\u00e7a as nossas devocionais pelo <a href=\"https:\/\/open.spotify.com\/show\/7CG8DL9dgWZEgPzX3rnk51?si=1dbGejI2TQS16eamNjb2rA\">Spotify<\/a>!<\/p>\n","protected":false},"excerpt":{"rendered":"<p>Quem beber da \u00e1gua que eu lhe der nunca mais ter\u00e1 sede. Ao contr\u00e1rio, a \u00e1gua que eu lhe der se tornar\u00e1 nele uma fonte de \u00e1gua a jorrar para a vida eterna. Jo\u00e3o 4.14, NVI Jerusal\u00e9m estava apinhada de gente. A Festa dos Tabern\u00e1culos, \u00faltima das grandes festas religiosas do povo, reunia judeus das [&hellip;]<\/p>\n","protected":false},"author":21,"featured_media":161,"comment_status":"open","ping_status":"open","sticky":false,"template":"","format":"standard","meta":{"ngg_post_thumbnail":0,"footnotes":""},"categories":[5478],"tags":[],"class_list":["post-9690","post","type-post","status-publish","format-standard","has-post-thumbnail","hentry","category-elben-cesar"],"publishpress_future_action":{"enabled":false,"date":"2026-05-04 20:35:20","action":"change-status","newStatus":"draft","terms":[],"taxonomy":"category","extraData":[]},"publishpress_future_workflow_manual_trigger":{"enabledWorkflows":[]},"_links":{"self":[{"href":"https:\/\/ultimato.com.br\/sites\/devocional-diaria\/wp-json\/wp\/v2\/posts\/9690","targetHints":{"allow":["GET"]}}],"collection":[{"href":"https:\/\/ultimato.com.br\/sites\/devocional-diaria\/wp-json\/wp\/v2\/posts"}],"about":[{"href":"https:\/\/ultimato.com.br\/sites\/devocional-diaria\/wp-json\/wp\/v2\/types\/post"}],"author":[{"embeddable":true,"href":"https:\/\/ultimato.com.br\/sites\/devocional-diaria\/wp-json\/wp\/v2\/users\/21"}],"replies":[{"embeddable":true,"href":"https:\/\/ultimato.com.br\/sites\/devocional-diaria\/wp-json\/wp\/v2\/comments?post=9690"}],"version-history":[{"count":1,"href":"https:\/\/ultimato.com.br\/sites\/devocional-diaria\/wp-json\/wp\/v2\/posts\/9690\/revisions"}],"predecessor-version":[{"id":9691,"href":"https:\/\/ultimato.com.br\/sites\/devocional-diaria\/wp-json\/wp\/v2\/posts\/9690\/revisions\/9691"}],"wp:featuredmedia":[{"embeddable":true,"href":"https:\/\/ultimato.com.br\/sites\/devocional-diaria\/wp-json\/wp\/v2\/media\/161"}],"wp:attachment":[{"href":"https:\/\/ultimato.com.br\/sites\/devocional-diaria\/wp-json\/wp\/v2\/media?parent=9690"}],"wp:term":[{"taxonomy":"category","embeddable":true,"href":"https:\/\/ultimato.com.br\/sites\/devocional-diaria\/wp-json\/wp\/v2\/categories?post=9690"},{"taxonomy":"post_tag","embeddable":true,"href":"https:\/\/ultimato.com.br\/sites\/devocional-diaria\/wp-json\/wp\/v2\/tags?post=9690"}],"curies":[{"name":"wp","href":"https:\/\/api.w.org\/{rel}","templated":true}]}}