{"id":9688,"date":"2022-06-09T00:00:05","date_gmt":"2022-06-09T02:00:05","guid":{"rendered":"https:\/\/ultimato.com.br\/sites\/devocional-diaria\/?p=9688"},"modified":"2022-05-27T13:53:54","modified_gmt":"2022-05-27T15:53:54","slug":"tolerancia-zero","status":"publish","type":"post","link":"https:\/\/ultimato.com.br\/sites\/devocional-diaria\/2022\/06\/09\/autor\/j-i-packer\/tolerancia-zero\/","title":{"rendered":"Toler\u00e2ncia zero"},"content":{"rendered":"<p>N\u00e3o agir\u00e1 com justi\u00e7a o Juiz de toda a terra? (G\u00eanesis 18.25)<\/p>\n<p>A justi\u00e7a retributiva de Deus aponta para a gra\u00e7a. Em nosso modo pag\u00e3o de pensar, achamos que Deus tolera pecado como n\u00f3s toleramos. A ideia de que a retribui\u00e7\u00e3o possa ser a lei moral do mundo de Deus e a express\u00e3o do seu car\u00e1ter santo parece um tanto fantasiosa para n\u00f3s. Por\u00e9m, de capa a capa, a B\u00edblia insiste que o mundo que Deus criou em sua bondade \u00e9 um mundo moral, no qual a retribui\u00e7\u00e3o \u00e9 um fato t\u00e3o b\u00e1sico quanto respirar. Deus \u00e9 o Juiz de toda a terra, e ele n\u00e3o pode ser verdadeiro a menos que castigue o pecado. E a menos que a pessoa conhe\u00e7a e sinta a verdade deste fato, que os malfeitores n\u00e3o t\u00eam esperan\u00e7a natural alguma de receber algo de Deus a n\u00e3o ser a justi\u00e7a retributiva, a pessoa nunca poder\u00e1 compartilhar a f\u00e9 b\u00edblica a respeito da gra\u00e7a divina.<\/p>\n<p>Para refletir: Retribui\u00e7\u00e3o significa dar a algu\u00e9m o que ele merece. Por que esta ideia pode ser confortante? E por que ela pode, ao mesmo tempo, ser inquietante?<strong>\u00a0<\/strong><\/p>\n<p><strong>\u00a0<\/strong><\/p>\n<p><strong>&gt;&gt; Retirado de\u00a0<\/strong><strong><a href=\"https:\/\/www.ultimato.com.br\/loja\/produtos\/conhecendo-a-deus-ao-longo-do-ano\">Conhecendo a Deus ao Longo do Ano<\/a><\/strong><strong> [J. I. Packer]<\/strong><strong>. Editora Ultimato.<\/strong><\/p>\n<p>Ou\u00e7a as nossas devocionais pelo <a href=\"https:\/\/open.spotify.com\/show\/7CG8DL9dgWZEgPzX3rnk51?si=1dbGejI2TQS16eamNjb2rA\">Spotify<\/a>!<\/p>\n","protected":false},"excerpt":{"rendered":"<p>N\u00e3o agir\u00e1 com justi\u00e7a o Juiz de toda a terra? (G\u00eanesis 18.25) A justi\u00e7a retributiva de Deus aponta para a gra\u00e7a. Em nosso modo pag\u00e3o de pensar, achamos que Deus tolera pecado como n\u00f3s toleramos. A ideia de que a retribui\u00e7\u00e3o possa ser a lei moral do mundo de Deus e a express\u00e3o do seu [&hellip;]<\/p>\n","protected":false},"author":21,"featured_media":162,"comment_status":"open","ping_status":"open","sticky":false,"template":"","format":"standard","meta":{"ngg_post_thumbnail":0,"footnotes":""},"categories":[5655],"tags":[],"class_list":["post-9688","post","type-post","status-publish","format-standard","has-post-thumbnail","hentry","category-j-i-packer"],"publishpress_future_action":{"enabled":false,"date":"2026-05-04 19:11:57","action":"change-status","newStatus":"draft","terms":[],"taxonomy":"category","extraData":[]},"publishpress_future_workflow_manual_trigger":{"enabledWorkflows":[]},"_links":{"self":[{"href":"https:\/\/ultimato.com.br\/sites\/devocional-diaria\/wp-json\/wp\/v2\/posts\/9688","targetHints":{"allow":["GET"]}}],"collection":[{"href":"https:\/\/ultimato.com.br\/sites\/devocional-diaria\/wp-json\/wp\/v2\/posts"}],"about":[{"href":"https:\/\/ultimato.com.br\/sites\/devocional-diaria\/wp-json\/wp\/v2\/types\/post"}],"author":[{"embeddable":true,"href":"https:\/\/ultimato.com.br\/sites\/devocional-diaria\/wp-json\/wp\/v2\/users\/21"}],"replies":[{"embeddable":true,"href":"https:\/\/ultimato.com.br\/sites\/devocional-diaria\/wp-json\/wp\/v2\/comments?post=9688"}],"version-history":[{"count":1,"href":"https:\/\/ultimato.com.br\/sites\/devocional-diaria\/wp-json\/wp\/v2\/posts\/9688\/revisions"}],"predecessor-version":[{"id":9689,"href":"https:\/\/ultimato.com.br\/sites\/devocional-diaria\/wp-json\/wp\/v2\/posts\/9688\/revisions\/9689"}],"wp:featuredmedia":[{"embeddable":true,"href":"https:\/\/ultimato.com.br\/sites\/devocional-diaria\/wp-json\/wp\/v2\/media\/162"}],"wp:attachment":[{"href":"https:\/\/ultimato.com.br\/sites\/devocional-diaria\/wp-json\/wp\/v2\/media?parent=9688"}],"wp:term":[{"taxonomy":"category","embeddable":true,"href":"https:\/\/ultimato.com.br\/sites\/devocional-diaria\/wp-json\/wp\/v2\/categories?post=9688"},{"taxonomy":"post_tag","embeddable":true,"href":"https:\/\/ultimato.com.br\/sites\/devocional-diaria\/wp-json\/wp\/v2\/tags?post=9688"}],"curies":[{"name":"wp","href":"https:\/\/api.w.org\/{rel}","templated":true}]}}