{"id":9682,"date":"2022-06-07T00:00:14","date_gmt":"2022-06-07T02:00:14","guid":{"rendered":"https:\/\/ultimato.com.br\/sites\/devocional-diaria\/?p=9682"},"modified":"2022-05-27T13:36:53","modified_gmt":"2022-05-27T15:36:53","slug":"o-filho-do-homem-sera-entregue","status":"publish","type":"post","link":"https:\/\/ultimato.com.br\/sites\/devocional-diaria\/2022\/06\/07\/autor\/eugene-h-peterson\/o-filho-do-homem-sera-entregue\/","title":{"rendered":"O Filho do homem ser\u00e1 entregue"},"content":{"rendered":"<p>De volta \u00e0 estrada, eles foram para Jerusal\u00e9m. Jesus chamou os Doze \u00e0 parte e disse: \u201cOu\u00e7am-me com aten\u00e7\u00e3o. Estamos a caminho de Jerusal\u00e9m. Quando chegarmos l\u00e1, o Filho do Homem ser\u00e1 entregue aos l\u00edderes religiosos. Eles ir\u00e3o conden\u00e1-lo \u00e0 morte e o entregar\u00e3o aos romanos, que ir\u00e3o zombar dele, tortur\u00e1-lo e crucific\u00e1-lo. Mas depois de tr\u00eas dias, ele se levantar\u00e1 \u2013 vivo\u201d. (Mateus 20.17-19)<\/p>\n<p>A associa\u00e7\u00e3o com Jesus coloca-nos na companhia da\u00a0cura, da ilumina\u00e7\u00e3o e de alegrias inesperadas, mas tamb\u00e9m\u00a0nos coloca no lugar da trai\u00e7\u00e3o, da humilha\u00e7\u00e3o e da crucifica\u00e7\u00e3o.\u00a0Devemos, se formos fi\u00e9is ao estilo crist\u00e3o, aceitar um\u00a0com a mesma prontid\u00e3o com que aceitamos o outro.\u00a0Por que esse an\u00fancio \u00e9 uma surpresa?<\/p>\n<p>N\u00e3o me esquecerei, Cristo Senhor, de que, quando\u00a0sentir apreens\u00e3o e medo, isso \u00e9 uma parte anunciada e\u00a0documentada da vida de discipulado. Mant\u00e9m-me fiel\u00a0nas prova\u00e7\u00f5es dif\u00edceis enquanto me acompanhas com a\u00a0promessa da ressurrei\u00e7\u00e3o. Am\u00e9m.<\/p>\n<p><strong>&gt;&gt; Retirado de\u00a0<a href=\"http:\/\/www.ultimato.com.br\/loja\/produtos\/um-ano-com-jesus\">Um Ano com Jesus<\/a> [Eugene Peterson]. Editora Ultimato.<\/strong><\/p>\n<p>Ou\u00e7a as nossas devocionais pelo <a href=\"https:\/\/open.spotify.com\/show\/7CG8DL9dgWZEgPzX3rnk51?si=1dbGejI2TQS16eamNjb2rA\">Spotify<\/a>!<\/p>\n","protected":false},"excerpt":{"rendered":"<p>De volta \u00e0 estrada, eles foram para Jerusal\u00e9m. Jesus chamou os Doze \u00e0 parte e disse: \u201cOu\u00e7am-me com aten\u00e7\u00e3o. Estamos a caminho de Jerusal\u00e9m. Quando chegarmos l\u00e1, o Filho do Homem ser\u00e1 entregue aos l\u00edderes religiosos. Eles ir\u00e3o conden\u00e1-lo \u00e0 morte e o entregar\u00e3o aos romanos, que ir\u00e3o zombar dele, tortur\u00e1-lo e crucific\u00e1-lo. Mas depois [&hellip;]<\/p>\n","protected":false},"author":21,"featured_media":164,"comment_status":"open","ping_status":"open","sticky":false,"template":"","format":"standard","meta":{"ngg_post_thumbnail":0,"footnotes":""},"categories":[17809],"tags":[],"class_list":["post-9682","post","type-post","status-publish","format-standard","has-post-thumbnail","hentry","category-eugene-h-peterson"],"publishpress_future_action":{"enabled":false,"date":"2026-05-04 18:01:57","action":"change-status","newStatus":"draft","terms":[],"taxonomy":"category","extraData":[]},"publishpress_future_workflow_manual_trigger":{"enabledWorkflows":[]},"_links":{"self":[{"href":"https:\/\/ultimato.com.br\/sites\/devocional-diaria\/wp-json\/wp\/v2\/posts\/9682","targetHints":{"allow":["GET"]}}],"collection":[{"href":"https:\/\/ultimato.com.br\/sites\/devocional-diaria\/wp-json\/wp\/v2\/posts"}],"about":[{"href":"https:\/\/ultimato.com.br\/sites\/devocional-diaria\/wp-json\/wp\/v2\/types\/post"}],"author":[{"embeddable":true,"href":"https:\/\/ultimato.com.br\/sites\/devocional-diaria\/wp-json\/wp\/v2\/users\/21"}],"replies":[{"embeddable":true,"href":"https:\/\/ultimato.com.br\/sites\/devocional-diaria\/wp-json\/wp\/v2\/comments?post=9682"}],"version-history":[{"count":3,"href":"https:\/\/ultimato.com.br\/sites\/devocional-diaria\/wp-json\/wp\/v2\/posts\/9682\/revisions"}],"predecessor-version":[{"id":9685,"href":"https:\/\/ultimato.com.br\/sites\/devocional-diaria\/wp-json\/wp\/v2\/posts\/9682\/revisions\/9685"}],"wp:featuredmedia":[{"embeddable":true,"href":"https:\/\/ultimato.com.br\/sites\/devocional-diaria\/wp-json\/wp\/v2\/media\/164"}],"wp:attachment":[{"href":"https:\/\/ultimato.com.br\/sites\/devocional-diaria\/wp-json\/wp\/v2\/media?parent=9682"}],"wp:term":[{"taxonomy":"category","embeddable":true,"href":"https:\/\/ultimato.com.br\/sites\/devocional-diaria\/wp-json\/wp\/v2\/categories?post=9682"},{"taxonomy":"post_tag","embeddable":true,"href":"https:\/\/ultimato.com.br\/sites\/devocional-diaria\/wp-json\/wp\/v2\/tags?post=9682"}],"curies":[{"name":"wp","href":"https:\/\/api.w.org\/{rel}","templated":true}]}}