{"id":9672,"date":"2022-06-03T00:00:19","date_gmt":"2022-06-03T02:00:19","guid":{"rendered":"https:\/\/ultimato.com.br\/sites\/devocional-diaria\/?p=9672"},"modified":"2022-05-27T13:03:38","modified_gmt":"2022-05-27T15:03:38","slug":"nao-ha-aleluias-suficientes-para-louvar-a-deus","status":"publish","type":"post","link":"https:\/\/ultimato.com.br\/sites\/devocional-diaria\/2022\/06\/03\/autor\/elben-cesar\/nao-ha-aleluias-suficientes-para-louvar-a-deus\/","title":{"rendered":"N\u00e3o h\u00e1 aleluias suficientes para louvar a Deus"},"content":{"rendered":"<p>Gloriar-se-\u00e1 no Senhor a minha alma; os humildes o ouvir\u00e3o e se alegrar\u00e3o. (Salmos 34.2<\/p>\n<p>A dist\u00e2ncia mais longa n\u00e3o \u00e9 entre o Polo Sul e o Polo Norte, n\u00e3o \u00e9 entre\u00a0o Oriente e o Ocidente, n\u00e3o \u00e9 entre a Terra e a Lua, nem entre a Terra e o Sol\u00a0ou a mais distante Gal\u00e1xia. A dist\u00e2ncia maior \u00e9 entre onde estamos e onde\u00a0est\u00e1 o trono de Deus. A B\u00edblia diz que a gl\u00f3ria de Deus \u201cest\u00e1 <em>acima <\/em>dos c\u00e9us\u201d\u00a0(Sl 113.4) e que \u201cos <em>mais altos c\u00e9us<\/em>\u201d, ou \u201cc\u00e9us dos c\u00e9us\u201d, devem louvar o Senhor\u00a0(Sl 148.4). Se depender exclusivamente de n\u00f3s, seres humanos, n\u00e3o h\u00e1 como\u00a0alcan\u00e7ar a morada de Deus. N\u00e3o h\u00e1 tempo, for\u00e7a, nem capacidade para tal.<\/p>\n<p>O admir\u00e1vel \u00e9 que dessa lonjura enorme Deus \u201cse inclina para ver o que h\u00e1\u00a0no c\u00e9u [logo abaixo] e na terra [muito mais abaixo]\u201d, como diz o vers\u00edculo 6\u00a0do Salmo 113. Mais admir\u00e1vel ainda \u00e9 o fato de Deus enviar l\u00e1 dos mais altos\u00a0c\u00e9us o seu pr\u00f3prio Filho para salvar a esp\u00e9cie humana (Jo 3.17). Muito mais\u00a0admir\u00e1veis ainda s\u00e3o o fato de que Jesus \u201c\u00e9 a revela\u00e7\u00e3o vis\u00edvel do Deus invis\u00edvel\u201d\u00a0(Cl 1.15) e o fato de que Jesus \u201cabriu m\u00e3o de tudo o que era seu e tomou a\u00a0natureza de servo, tornando-se assim igual aos seres humanos\u201d (Fp 2.7)!<\/p>\n<p>Ap\u00f3s a encarna\u00e7\u00e3o de Jesus Cristo, n\u00e3o h\u00e1 mais dist\u00e2ncia alguma entre n\u00f3s\u00a0e Deus. Ap\u00f3s a morte de Cristo, o v\u00e9u do santu\u00e1rio rasgou-se em duas partes,\u00a0de alto a baixo (Mc 15.38) e o muro da inimizade foi derrubado (Ef 2.14).\u00a0Ap\u00f3s a ascens\u00e3o de Cristo, Deus fez morada em n\u00f3s e nos tornamos templo\u00a0do Esp\u00edrito Santo (1Co 3.16).<\/p>\n<p>N\u00e3o h\u00e1 aleluias suficientes para louvar a Deus por essas gra\u00e7as!<\/p>\n<p>\u00d3 Deus grandioso e, ao mesmo tempo, pr\u00f3ximo, gl\u00f3rias sejam dadas a ti hoje\u00a0e para todo sempre.<strong>\u00a0<\/strong><\/p>\n<p><strong>\u00a0<\/strong><\/p>\n<p><strong>&gt;&gt; Retirado de\u00a0<a href=\"https:\/\/www.ultimato.com.br\/loja\/produtos\/refeicoes-diarias-celebrando-a-reconciliacao\">Refei\u00e7\u00f5es Di\u00e1rias \u2013 Celebrando a Reconcilia\u00e7\u00e3o<\/a>. Editora Ultimato.<\/strong><\/p>\n<p>Ou\u00e7a as nossas devocionais pelo <a href=\"https:\/\/open.spotify.com\/show\/7CG8DL9dgWZEgPzX3rnk51?si=1dbGejI2TQS16eamNjb2rA\">Spotify<\/a>!<\/p>\n","protected":false},"excerpt":{"rendered":"<p>Gloriar-se-\u00e1 no Senhor a minha alma; os humildes o ouvir\u00e3o e se alegrar\u00e3o. (Salmos 34.2 A dist\u00e2ncia mais longa n\u00e3o \u00e9 entre o Polo Sul e o Polo Norte, n\u00e3o \u00e9 entre\u00a0o Oriente e o Ocidente, n\u00e3o \u00e9 entre a Terra e a Lua, nem entre a Terra e o Sol\u00a0ou a mais distante Gal\u00e1xia. [&hellip;]<\/p>\n","protected":false},"author":21,"featured_media":161,"comment_status":"open","ping_status":"open","sticky":false,"template":"","format":"standard","meta":{"ngg_post_thumbnail":0,"footnotes":""},"categories":[5478],"tags":[],"class_list":["post-9672","post","type-post","status-publish","format-standard","has-post-thumbnail","hentry","category-elben-cesar"],"publishpress_future_action":{"enabled":false,"date":"2026-05-04 20:49:49","action":"change-status","newStatus":"draft","terms":[],"taxonomy":"category","extraData":[]},"publishpress_future_workflow_manual_trigger":{"enabledWorkflows":[]},"_links":{"self":[{"href":"https:\/\/ultimato.com.br\/sites\/devocional-diaria\/wp-json\/wp\/v2\/posts\/9672","targetHints":{"allow":["GET"]}}],"collection":[{"href":"https:\/\/ultimato.com.br\/sites\/devocional-diaria\/wp-json\/wp\/v2\/posts"}],"about":[{"href":"https:\/\/ultimato.com.br\/sites\/devocional-diaria\/wp-json\/wp\/v2\/types\/post"}],"author":[{"embeddable":true,"href":"https:\/\/ultimato.com.br\/sites\/devocional-diaria\/wp-json\/wp\/v2\/users\/21"}],"replies":[{"embeddable":true,"href":"https:\/\/ultimato.com.br\/sites\/devocional-diaria\/wp-json\/wp\/v2\/comments?post=9672"}],"version-history":[{"count":1,"href":"https:\/\/ultimato.com.br\/sites\/devocional-diaria\/wp-json\/wp\/v2\/posts\/9672\/revisions"}],"predecessor-version":[{"id":9673,"href":"https:\/\/ultimato.com.br\/sites\/devocional-diaria\/wp-json\/wp\/v2\/posts\/9672\/revisions\/9673"}],"wp:featuredmedia":[{"embeddable":true,"href":"https:\/\/ultimato.com.br\/sites\/devocional-diaria\/wp-json\/wp\/v2\/media\/161"}],"wp:attachment":[{"href":"https:\/\/ultimato.com.br\/sites\/devocional-diaria\/wp-json\/wp\/v2\/media?parent=9672"}],"wp:term":[{"taxonomy":"category","embeddable":true,"href":"https:\/\/ultimato.com.br\/sites\/devocional-diaria\/wp-json\/wp\/v2\/categories?post=9672"},{"taxonomy":"post_tag","embeddable":true,"href":"https:\/\/ultimato.com.br\/sites\/devocional-diaria\/wp-json\/wp\/v2\/tags?post=9672"}],"curies":[{"name":"wp","href":"https:\/\/api.w.org\/{rel}","templated":true}]}}