{"id":9668,"date":"2022-06-01T00:00:43","date_gmt":"2022-06-01T02:00:43","guid":{"rendered":"https:\/\/ultimato.com.br\/sites\/devocional-diaria\/?p=9668"},"modified":"2022-05-27T12:54:06","modified_gmt":"2022-05-27T14:54:06","slug":"cristaos-cativos","status":"publish","type":"post","link":"https:\/\/ultimato.com.br\/sites\/devocional-diaria\/2022\/06\/01\/autor\/j-i-packer\/cristaos-cativos\/","title":{"rendered":"Crist\u00e3os cativos"},"content":{"rendered":"<p>Quem dera fossem firmados os meus caminhos na obedi\u00eancia aos teus decretos. (Salmos 119.5)<\/p>\n<p>Quem s\u00e3o os crist\u00e3os? Os crist\u00e3os s\u00e3o pessoas que reconhecem e vivem sob a autoridade da Palavra de Deus. Seus olhos est\u00e3o no Deus da B\u00edblia como seu Pai e no Cristo da B\u00edblia como seu Salvador. Suas consci\u00eancias, como disse Lutero, s\u00e3o cativas da Palavra de Deus e, como o salmista, eles desejam pautar suas vidas de acordo com ela. As promessas da B\u00edblia est\u00e3o diante deles enquanto oram, e os preceitos em seus cora\u00e7\u00f5es enquanto fazem suas tarefas di\u00e1rias. Al\u00e9m disso, os crist\u00e3os sabem que a Palavra de Deus foi enviada para criar, controlar e para ordenar todas as coisas ao redor deles, e este pensamento \u00e9 motivo de alegria para eles. Os crist\u00e3os s\u00e3o pessoas independentes, porque usam a Palavra de Deus como par\u00e2metro pelo qual testam as diversas situa\u00e7\u00f5es que enfrentam e n\u00e3o far\u00e3o coisa nenhuma sem terem certeza de que a B\u00edblia a aprova.<\/p>\n<p>Por que esta descri\u00e7\u00e3o se aplica a t\u00e3o poucos de n\u00f3s que se dizem crist\u00e3os nos dias de hoje? Sugiro que voc\u00ea pergunte a sua consci\u00eancia e a deixe responder.<\/p>\n<p>Para refletir: Em ora\u00e7\u00e3o, fa\u00e7a um \u201cexame de consci\u00eancia\u201d usando os par\u00e1grafos acima como guia.<strong>\u00a0<\/strong><\/p>\n<p><strong>\u00a0<\/strong><\/p>\n<p><strong>&gt;&gt; Retirado de\u00a0<\/strong><strong><a href=\"https:\/\/www.ultimato.com.br\/loja\/produtos\/conhecendo-a-deus-ao-longo-do-ano\">Conhecendo a Deus ao Longo do Ano<\/a><\/strong><strong> [J. I. Packer]<\/strong><strong>. Editora Ultimato.<\/strong><\/p>\n<p>Ou\u00e7a as nossas devocionais pelo <a href=\"https:\/\/open.spotify.com\/show\/7CG8DL9dgWZEgPzX3rnk51?si=1dbGejI2TQS16eamNjb2rA\">Spotify<\/a>!<\/p>\n","protected":false},"excerpt":{"rendered":"<p>Quem dera fossem firmados os meus caminhos na obedi\u00eancia aos teus decretos. (Salmos 119.5) Quem s\u00e3o os crist\u00e3os? Os crist\u00e3os s\u00e3o pessoas que reconhecem e vivem sob a autoridade da Palavra de Deus. Seus olhos est\u00e3o no Deus da B\u00edblia como seu Pai e no Cristo da B\u00edblia como seu Salvador. Suas consci\u00eancias, como disse [&hellip;]<\/p>\n","protected":false},"author":21,"featured_media":163,"comment_status":"open","ping_status":"open","sticky":false,"template":"","format":"standard","meta":{"ngg_post_thumbnail":0,"footnotes":""},"categories":[5655],"tags":[],"class_list":["post-9668","post","type-post","status-publish","format-standard","has-post-thumbnail","hentry","category-j-i-packer"],"publishpress_future_action":{"enabled":false,"date":"2026-05-04 19:10:45","action":"change-status","newStatus":"draft","terms":[],"taxonomy":"category","extraData":[]},"publishpress_future_workflow_manual_trigger":{"enabledWorkflows":[]},"_links":{"self":[{"href":"https:\/\/ultimato.com.br\/sites\/devocional-diaria\/wp-json\/wp\/v2\/posts\/9668","targetHints":{"allow":["GET"]}}],"collection":[{"href":"https:\/\/ultimato.com.br\/sites\/devocional-diaria\/wp-json\/wp\/v2\/posts"}],"about":[{"href":"https:\/\/ultimato.com.br\/sites\/devocional-diaria\/wp-json\/wp\/v2\/types\/post"}],"author":[{"embeddable":true,"href":"https:\/\/ultimato.com.br\/sites\/devocional-diaria\/wp-json\/wp\/v2\/users\/21"}],"replies":[{"embeddable":true,"href":"https:\/\/ultimato.com.br\/sites\/devocional-diaria\/wp-json\/wp\/v2\/comments?post=9668"}],"version-history":[{"count":1,"href":"https:\/\/ultimato.com.br\/sites\/devocional-diaria\/wp-json\/wp\/v2\/posts\/9668\/revisions"}],"predecessor-version":[{"id":9669,"href":"https:\/\/ultimato.com.br\/sites\/devocional-diaria\/wp-json\/wp\/v2\/posts\/9668\/revisions\/9669"}],"wp:featuredmedia":[{"embeddable":true,"href":"https:\/\/ultimato.com.br\/sites\/devocional-diaria\/wp-json\/wp\/v2\/media\/163"}],"wp:attachment":[{"href":"https:\/\/ultimato.com.br\/sites\/devocional-diaria\/wp-json\/wp\/v2\/media?parent=9668"}],"wp:term":[{"taxonomy":"category","embeddable":true,"href":"https:\/\/ultimato.com.br\/sites\/devocional-diaria\/wp-json\/wp\/v2\/categories?post=9668"},{"taxonomy":"post_tag","embeddable":true,"href":"https:\/\/ultimato.com.br\/sites\/devocional-diaria\/wp-json\/wp\/v2\/tags?post=9668"}],"curies":[{"name":"wp","href":"https:\/\/api.w.org\/{rel}","templated":true}]}}