{"id":9659,"date":"2022-05-21T00:00:51","date_gmt":"2022-05-21T02:00:51","guid":{"rendered":"https:\/\/ultimato.com.br\/sites\/devocional-diaria\/?p=9659"},"modified":"2022-05-20T11:29:18","modified_gmt":"2022-05-20T13:29:18","slug":"evangelismo-atraves-da-igreja-local-3","status":"publish","type":"post","link":"https:\/\/ultimato.com.br\/sites\/devocional-diaria\/2022\/05\/21\/autor\/john-stott\/evangelismo-atraves-da-igreja-local-3\/","title":{"rendered":"Evangelismo atrav\u00e9s da igreja local"},"content":{"rendered":"<p>Nosso evangelho [&#8230;] chegou a voc\u00eas [&#8230;] voc\u00eas [&#8230;] receberam a palavra [&#8230;] partindo de voc\u00eas, propagou-se a mensagem do Senhor. (1 Ts 1.5-6, 8)<\/p>\n<p>Paulo inicia sua Primeira Carta aos Tessalonicenses relembrando-os de sua visita. Ele a descreveu em tr\u00eas est\u00e1gios:<\/p>\n<p>Primeiro, <em>nosso evangelho [&#8230;] chegou a voc\u00eas\u201d <\/em>(v. 5). Ele veio com palavras (porque tem um conte\u00fado espec\u00edfico). Mas n\u00e3o somente com palavras, pois palavras ditas na fraqueza humana precisam ser confirmadas pelo poder divino. O evangelho tamb\u00e9m veio a eles com profunda convic\u00e7\u00e3o. Se o <em>poder <\/em>descreve o impacto objetivo da prega\u00e7\u00e3o, a <em>convic\u00e7\u00e3o <\/em>descreve o estado sub\u00adjetivo dos pregadores. Al\u00e9m disso, a verdade da Palavra, a convic\u00e7\u00e3o com a qual ela foi pregada e o poder do seu impacto, tudo isso \u00e9 obra do Esp\u00edrito Santo. Verdade, convic\u00e7\u00e3o e poder continuam sendo caracter\u00edsticas essenciais da prega\u00e7\u00e3o crist\u00e3 aut\u00eantica.<\/p>\n<p>Segundo, \u201c<em>voc\u00eas [&#8230;] receberam a palavra\u201d <\/em>(v. 6). Houve muito sofrimento, pois o verdadeiro evangelho sempre desperta hostilidade, mas, quando o evangelho \u00e9 recebido, h\u00e1 tamb\u00e9m j\u00fabilo. O mesmo Esp\u00edrito Santo que deu poder \u00e0queles que pregaram o evangelho deu alegria aos que o receberam. Ele estava agindo nas duas pontas do processo de comunica\u00e7\u00e3o. Os convertidos tamb\u00e9m se tornaram imitadores de Cristo e de seus ap\u00f3stolos, e um modelo para os crentes, pois foram transformados.<\/p>\n<p>Terceiro, <em>\u201cpartindo de voc\u00eas, propagou-se a mensagem do Senhor\u201d <\/em>(v. 8). O verbo grego empregado aqui tem o significado de soar, tocar, descascar ou expandir. Cris\u00f3stomo considerou que Paulo estava comparando a prega\u00e7\u00e3o do evangelho ao som forte de uma trombeta. Seja como for, o evangelho proclamado pelos tessalonicenses fez um grande barulho que ressoou atrav\u00e9s dos montes e vales da Gr\u00e9cia.<\/p>\n<p>Dois pontos se destacam neste primeiro cap\u00edtulo de 1 Tessalonicenses. Primeiro, a igreja que recebe o evangelho deve pass\u00e1-lo adiante. Nada \u00e9 mais impressionante que a sequ\u00eancia: \u201cnosso evangelho veio a voc\u00eas\u201d, \u201cvoc\u00eas receberam a mensagem\u201d, \u201cpartindo de voc\u00eas, propagou-se a mensagem do Senhor\u201d. Esse parece ser o plano mais simples de Deus para a propaga\u00e7\u00e3o das boas novas pelo mundo. Segundo, a igreja que transmite o evangelho deve tamb\u00e9m viv\u00ea-lo. As not\u00edcias sobre a transforma\u00e7\u00e3o dos tessalonicenses se espa\u00adlharam automaticamente, a ponto de os mission\u00e1rios se sentirem desnecess\u00e1rios.<\/p>\n<p>Para saber mais: 1 Tessalonicenses 1.1-10<\/p>\n<p><strong>\u00a0<\/strong><\/p>\n<p><strong>&gt;&gt; Retirado de\u00a0<a href=\"https:\/\/www.ultimato.com.br\/loja\/produtos\/a-biblia-toda-o-ano-todo-1\">A B\u00edblia Toda, o Ano Todo<\/a>\u00a0[John Stott]. Editora Ultimato.<\/strong><\/p>\n","protected":false},"excerpt":{"rendered":"<p>Nosso evangelho [&#8230;] chegou a voc\u00eas [&#8230;] voc\u00eas [&#8230;] receberam a palavra [&#8230;] partindo de voc\u00eas, propagou-se a mensagem do Senhor. (1 Ts 1.5-6, 8) Paulo inicia sua Primeira Carta aos Tessalonicenses relembrando-os de sua visita. Ele a descreveu em tr\u00eas est\u00e1gios: Primeiro, nosso evangelho [&#8230;] chegou a voc\u00eas\u201d (v. 5). Ele veio com palavras [&hellip;]<\/p>\n","protected":false},"author":21,"featured_media":157,"comment_status":"open","ping_status":"open","sticky":false,"template":"","format":"standard","meta":{"ngg_post_thumbnail":0,"footnotes":""},"categories":[5668],"tags":[],"class_list":["post-9659","post","type-post","status-publish","format-standard","has-post-thumbnail","hentry","category-john-stott"],"publishpress_future_action":{"enabled":false,"date":"2026-05-04 20:35:19","action":"change-status","newStatus":"draft","terms":[],"taxonomy":"category","extraData":[]},"publishpress_future_workflow_manual_trigger":{"enabledWorkflows":[]},"_links":{"self":[{"href":"https:\/\/ultimato.com.br\/sites\/devocional-diaria\/wp-json\/wp\/v2\/posts\/9659","targetHints":{"allow":["GET"]}}],"collection":[{"href":"https:\/\/ultimato.com.br\/sites\/devocional-diaria\/wp-json\/wp\/v2\/posts"}],"about":[{"href":"https:\/\/ultimato.com.br\/sites\/devocional-diaria\/wp-json\/wp\/v2\/types\/post"}],"author":[{"embeddable":true,"href":"https:\/\/ultimato.com.br\/sites\/devocional-diaria\/wp-json\/wp\/v2\/users\/21"}],"replies":[{"embeddable":true,"href":"https:\/\/ultimato.com.br\/sites\/devocional-diaria\/wp-json\/wp\/v2\/comments?post=9659"}],"version-history":[{"count":1,"href":"https:\/\/ultimato.com.br\/sites\/devocional-diaria\/wp-json\/wp\/v2\/posts\/9659\/revisions"}],"predecessor-version":[{"id":9660,"href":"https:\/\/ultimato.com.br\/sites\/devocional-diaria\/wp-json\/wp\/v2\/posts\/9659\/revisions\/9660"}],"wp:featuredmedia":[{"embeddable":true,"href":"https:\/\/ultimato.com.br\/sites\/devocional-diaria\/wp-json\/wp\/v2\/media\/157"}],"wp:attachment":[{"href":"https:\/\/ultimato.com.br\/sites\/devocional-diaria\/wp-json\/wp\/v2\/media?parent=9659"}],"wp:term":[{"taxonomy":"category","embeddable":true,"href":"https:\/\/ultimato.com.br\/sites\/devocional-diaria\/wp-json\/wp\/v2\/categories?post=9659"},{"taxonomy":"post_tag","embeddable":true,"href":"https:\/\/ultimato.com.br\/sites\/devocional-diaria\/wp-json\/wp\/v2\/tags?post=9659"}],"curies":[{"name":"wp","href":"https:\/\/api.w.org\/{rel}","templated":true}]}}