{"id":9657,"date":"2022-05-31T00:00:52","date_gmt":"2022-05-31T02:00:52","guid":{"rendered":"https:\/\/ultimato.com.br\/sites\/devocional-diaria\/?p=9657"},"modified":"2022-05-20T10:02:38","modified_gmt":"2022-05-20T12:02:38","slug":"tristeza-segundo-deus","status":"publish","type":"post","link":"https:\/\/ultimato.com.br\/sites\/devocional-diaria\/2022\/05\/31\/autor\/elben-cesar\/tristeza-segundo-deus\/","title":{"rendered":"Tristeza segundo Deus"},"content":{"rendered":"<p>Enquanto n\u00e3o confessei o meu pecado, eu me cansava, chorando o dia\u00a0inteiro. (Sl 32.3)<\/p>\n<p>N\u00e3o se pode deixar de lado o fato de que \u2013 muitas vezes \u2013 a tristeza est\u00e1\u00a0associada ao nosso pecado. O salmista fala abertamente: \u201cSuporto tristeza\u00a0por causa do meu pecado\u201d (Sl 38.18). O pecado rouba a alegria, porque\u00a0\u00e9 uma anomalia, cria problemas de consci\u00eancia, exige repara\u00e7\u00e3o, deixa a\u00a0impress\u00e3o de fracasso. N\u00e3o \u00e9 sem raz\u00e3o que o pecador pede que Deus lhe\u00a0devolva a alegria da salva\u00e7\u00e3o, ou: \u201cFaze-me ouvir j\u00fabilo e alegria, para que\u00a0exultem os ossos que esmagaste\u201d (Sl 51.8, 12). O Novo Testamento diz que\u00a0o impetuoso Pedro chorou amargamente ap\u00f3s ter negado a Jesus tr\u00eas vezes\u00a0(Lc 22.62). H\u00e1 muita tristeza por a\u00ed devida exclusivamente ao pecado.<\/p>\n<p>Nestes casos, entra em a\u00e7\u00e3o uma tristeza saud\u00e1vel, necess\u00e1ria, provocada\u00a0pelo pr\u00f3prio Deus, com finalidades terap\u00eauticas. \u00c9 a tristeza que\u00a0acaba levando o pecador ao arrependimento. Ela machuca o suficiente at\u00e9\u00a0provocar este efeito, indispens\u00e1vel no processo da salva\u00e7\u00e3o. Paulo chama\u00a0esta tristura de \u201ctristeza segundo Deus\u201d e contrasta-a com \u201ca tristeza do\u00a0mundo\u201d (2Co 7.9-11). A tristeza segundo Deus \u00e9 ministrada de acordo\u00a0com o paciente, em doses certas. Est\u00e1 sob o controle de Deus. Ela \u00e9 capaz\u00a0de conduzir ou recolocar o homem no caminho eterno, no caminho que\u00a0leva a bom termo.<strong>\u00a0<\/strong><\/p>\n<p><strong>\u00a0<\/strong><\/p>\n<p><strong>&gt;&gt; Retirado de\u00a0<a href=\"https:\/\/www.ultimato.com.br\/loja\/produtos\/cuide-das-raizes-espere-pelos-frutos\">Cuide das Ra\u00edzes, Espere pelos Frutos<\/a>, [Elben C\u00e9sar]. Editora Ultimato.<\/strong><\/p>\n<p>Ou\u00e7a as nossas devocionais pelo <a href=\"https:\/\/open.spotify.com\/show\/7CG8DL9dgWZEgPzX3rnk51?si=1dbGejI2TQS16eamNjb2rA\">Spotify<\/a>!<\/p>\n","protected":false},"excerpt":{"rendered":"<p>Enquanto n\u00e3o confessei o meu pecado, eu me cansava, chorando o dia\u00a0inteiro. (Sl 32.3) N\u00e3o se pode deixar de lado o fato de que \u2013 muitas vezes \u2013 a tristeza est\u00e1\u00a0associada ao nosso pecado. O salmista fala abertamente: \u201cSuporto tristeza\u00a0por causa do meu pecado\u201d (Sl 38.18). O pecado rouba a alegria, porque\u00a0\u00e9 uma anomalia, cria [&hellip;]<\/p>\n","protected":false},"author":21,"featured_media":164,"comment_status":"open","ping_status":"open","sticky":false,"template":"","format":"standard","meta":{"ngg_post_thumbnail":0,"footnotes":""},"categories":[5478],"tags":[],"class_list":["post-9657","post","type-post","status-publish","format-standard","has-post-thumbnail","hentry","category-elben-cesar"],"publishpress_future_action":{"enabled":false,"date":"2026-05-04 20:36:22","action":"change-status","newStatus":"draft","terms":[],"taxonomy":"category","extraData":[]},"publishpress_future_workflow_manual_trigger":{"enabledWorkflows":[]},"_links":{"self":[{"href":"https:\/\/ultimato.com.br\/sites\/devocional-diaria\/wp-json\/wp\/v2\/posts\/9657","targetHints":{"allow":["GET"]}}],"collection":[{"href":"https:\/\/ultimato.com.br\/sites\/devocional-diaria\/wp-json\/wp\/v2\/posts"}],"about":[{"href":"https:\/\/ultimato.com.br\/sites\/devocional-diaria\/wp-json\/wp\/v2\/types\/post"}],"author":[{"embeddable":true,"href":"https:\/\/ultimato.com.br\/sites\/devocional-diaria\/wp-json\/wp\/v2\/users\/21"}],"replies":[{"embeddable":true,"href":"https:\/\/ultimato.com.br\/sites\/devocional-diaria\/wp-json\/wp\/v2\/comments?post=9657"}],"version-history":[{"count":1,"href":"https:\/\/ultimato.com.br\/sites\/devocional-diaria\/wp-json\/wp\/v2\/posts\/9657\/revisions"}],"predecessor-version":[{"id":9658,"href":"https:\/\/ultimato.com.br\/sites\/devocional-diaria\/wp-json\/wp\/v2\/posts\/9657\/revisions\/9658"}],"wp:featuredmedia":[{"embeddable":true,"href":"https:\/\/ultimato.com.br\/sites\/devocional-diaria\/wp-json\/wp\/v2\/media\/164"}],"wp:attachment":[{"href":"https:\/\/ultimato.com.br\/sites\/devocional-diaria\/wp-json\/wp\/v2\/media?parent=9657"}],"wp:term":[{"taxonomy":"category","embeddable":true,"href":"https:\/\/ultimato.com.br\/sites\/devocional-diaria\/wp-json\/wp\/v2\/categories?post=9657"},{"taxonomy":"post_tag","embeddable":true,"href":"https:\/\/ultimato.com.br\/sites\/devocional-diaria\/wp-json\/wp\/v2\/tags?post=9657"}],"curies":[{"name":"wp","href":"https:\/\/api.w.org\/{rel}","templated":true}]}}