{"id":9655,"date":"2022-05-30T00:00:23","date_gmt":"2022-05-30T02:00:23","guid":{"rendered":"https:\/\/ultimato.com.br\/sites\/devocional-diaria\/?p=9655"},"modified":"2022-05-20T10:00:19","modified_gmt":"2022-05-20T12:00:19","slug":"ele-os-conhecia-muito-bem-2","status":"publish","type":"post","link":"https:\/\/ultimato.com.br\/sites\/devocional-diaria\/2022\/05\/30\/autor\/eugene-h-peterson\/ele-os-conhecia-muito-bem-2\/","title":{"rendered":"Ele os conhecia muito bem"},"content":{"rendered":"<p>Durante o tempo em que ele permaneceu em Jerusal\u00e9m, nos dias da festa, muitos observaram os sinais que ele realizava e, percebendo que apontavam diretamente para Deus, entregaram sua vida a ele. Mas Jesus n\u00e3o confiava neles. Ele os conhecia muito bem, por dentro e por fora, e sabia que n\u00e3o eram dignos de confian\u00e7a. N\u00e3o precisava de nenhuma ajuda para conhec\u00ea-los por dentro. (Jo\u00e3o 2.23-25)<\/p>\n<p>Jesus n\u00e3o tra\u00e7ou seu curso com base em pesquisas de\u00a0opini\u00e3o popular. A resposta da multid\u00e3o n\u00e3o desempenhou\u00a0papel algum no sentido de guiar seu minist\u00e9rio. Deus providenciou\u00a0as dire\u00e7\u00f5es da b\u00fassola para sua jornada.\u00a0Em que esta\u00e7\u00f5es do ano acontece a P\u00e1scoa?<\/p>\n<p>Todas as coisas que, em minha ingenuidade, parecem t\u00e3o\u00a0importantes para mim \u2013 aplauso, entusiasmo, sucesso, aceita\u00e7\u00e3o\u00a0\u2013 s\u00e3o perif\u00e9ricas ao teu minist\u00e9rio, Senhor Jesus.\u00a0Tu marchas de acordo com uma batida diferente. D\u00e1-me\u00a0ouvidos para ouvir essa batida tamb\u00e9m. Am\u00e9m.<\/p>\n<p>&nbsp;<\/p>\n<p><strong>&gt;&gt; Retirado de\u00a0<a href=\"http:\/\/www.ultimato.com.br\/loja\/produtos\/um-ano-com-jesus\">Um Ano com Jesus<\/a>\u00a0[Eugene H. Peterson]. Editora Ultimato.<\/strong><\/p>\n<p>Ou\u00e7a as nossas devocionais pelo <a href=\"https:\/\/open.spotify.com\/show\/7CG8DL9dgWZEgPzX3rnk51?si=1dbGejI2TQS16eamNjb2rA\">Spotify<\/a>!<\/p>\n","protected":false},"excerpt":{"rendered":"<p>Durante o tempo em que ele permaneceu em Jerusal\u00e9m, nos dias da festa, muitos observaram os sinais que ele realizava e, percebendo que apontavam diretamente para Deus, entregaram sua vida a ele. Mas Jesus n\u00e3o confiava neles. Ele os conhecia muito bem, por dentro e por fora, e sabia que n\u00e3o eram dignos de confian\u00e7a. [&hellip;]<\/p>\n","protected":false},"author":21,"featured_media":165,"comment_status":"open","ping_status":"open","sticky":false,"template":"","format":"standard","meta":{"ngg_post_thumbnail":0,"footnotes":""},"categories":[17809],"tags":[],"class_list":["post-9655","post","type-post","status-publish","format-standard","has-post-thumbnail","hentry","category-eugene-h-peterson"],"publishpress_future_action":{"enabled":false,"date":"2026-05-04 19:24:07","action":"change-status","newStatus":"draft","terms":[],"taxonomy":"category","extraData":[]},"publishpress_future_workflow_manual_trigger":{"enabledWorkflows":[]},"_links":{"self":[{"href":"https:\/\/ultimato.com.br\/sites\/devocional-diaria\/wp-json\/wp\/v2\/posts\/9655","targetHints":{"allow":["GET"]}}],"collection":[{"href":"https:\/\/ultimato.com.br\/sites\/devocional-diaria\/wp-json\/wp\/v2\/posts"}],"about":[{"href":"https:\/\/ultimato.com.br\/sites\/devocional-diaria\/wp-json\/wp\/v2\/types\/post"}],"author":[{"embeddable":true,"href":"https:\/\/ultimato.com.br\/sites\/devocional-diaria\/wp-json\/wp\/v2\/users\/21"}],"replies":[{"embeddable":true,"href":"https:\/\/ultimato.com.br\/sites\/devocional-diaria\/wp-json\/wp\/v2\/comments?post=9655"}],"version-history":[{"count":1,"href":"https:\/\/ultimato.com.br\/sites\/devocional-diaria\/wp-json\/wp\/v2\/posts\/9655\/revisions"}],"predecessor-version":[{"id":9656,"href":"https:\/\/ultimato.com.br\/sites\/devocional-diaria\/wp-json\/wp\/v2\/posts\/9655\/revisions\/9656"}],"wp:featuredmedia":[{"embeddable":true,"href":"https:\/\/ultimato.com.br\/sites\/devocional-diaria\/wp-json\/wp\/v2\/media\/165"}],"wp:attachment":[{"href":"https:\/\/ultimato.com.br\/sites\/devocional-diaria\/wp-json\/wp\/v2\/media?parent=9655"}],"wp:term":[{"taxonomy":"category","embeddable":true,"href":"https:\/\/ultimato.com.br\/sites\/devocional-diaria\/wp-json\/wp\/v2\/categories?post=9655"},{"taxonomy":"post_tag","embeddable":true,"href":"https:\/\/ultimato.com.br\/sites\/devocional-diaria\/wp-json\/wp\/v2\/tags?post=9655"}],"curies":[{"name":"wp","href":"https:\/\/api.w.org\/{rel}","templated":true}]}}