{"id":9653,"date":"2022-05-27T00:00:33","date_gmt":"2022-05-27T02:00:33","guid":{"rendered":"https:\/\/ultimato.com.br\/sites\/devocional-diaria\/?p=9653"},"modified":"2022-05-20T09:58:02","modified_gmt":"2022-05-20T11:58:02","slug":"havera-luz-no-fim-do-tunel-2","status":"publish","type":"post","link":"https:\/\/ultimato.com.br\/sites\/devocional-diaria\/2022\/05\/27\/autor\/elben-cesar\/havera-luz-no-fim-do-tunel-2\/","title":{"rendered":"Haver\u00e1 luz no fim do t\u00fanel?"},"content":{"rendered":"<p>Nos \u00faltimos [tempos], [Deus] tornar\u00e1 glorioso o caminho do mar, al\u00e9m do Jord\u00e3o, Galileia dos gentios. (Isa\u00edas 9.1)<\/p>\n<p>Quem disse que o crente n\u00e3o passa \u00e0s vezes por longo e escuro t\u00fanel? Quem\u00a0disse que mesmo o crente n\u00e3o tem medo de trope\u00e7ar na escurid\u00e3o do caminho?<\/p>\n<p>O grande segredo, por\u00e9m, \u00e9 que \u201ca luz brilha na escurid\u00e3o <em>para <\/em>aqueles\u00a0que s\u00e3o corretos, para aqueles que s\u00e3o bondosos, misericordiosos e honestos\u201d\u00a0(Sl 112.4). Ou, como diz a vers\u00e3o da Nova B\u00edblia Viva, \u201cquando ele estiver\u00a0cercado pela escurid\u00e3o, Deus iluminar\u00e1 o seu caminho\u201d.<\/p>\n<p>A outra boca do t\u00fanel que parecia t\u00e3o imposs\u00edvel ou distante, de repente,\u00a0numa simples curva, aparece. Nenhum t\u00fanel \u00e9 por demais extenso para o\u00a0homem ou para a mulher tementes a Deus. Nenhum t\u00fanel tem uma boca s\u00f3 \u2013\u00a0a boca de entrada. Pelo menos para aqueles que confiam no Senhor, ele tem\u00a0tamb\u00e9m a boca de sa\u00edda. At\u00e9 mesmo, e principalmente, o pavoroso t\u00fanel da\u00a0morte: \u201cAinda que eu ande por um t\u00fanel escuro como a morte, n\u00e3o terei medo\u00a0de nada, pois tu, \u00f3 Senhor, est\u00e1s comigo; tu me proteges e me diriges\u201d. O t\u00fanel\u00a0da morte termina no para\u00edso, como aconteceu com o ladr\u00e3o que se converteu\u00a0no \u00faltimo instante da vida (Lc 23.43). Isso n\u00e3o deveria ser novidade para quem\u00a0j\u00e1 leu Isa\u00edas 9.2 \u2013 \u201cO povo que andava na escurid\u00e3o viu uma forte luz\u201d.<\/p>\n<p>O t\u00fanel nunca ser\u00e1 longo e escuro demais para quem espera em Deus.<\/p>\n<p>Senhor, que a escurid\u00e3o do caminho n\u00e3o me fa\u00e7a desistir de esperar pela luz no\u00a0fim do t\u00fanel. Que eu confie no Guia Seguro at\u00e9 o fim da jornada.<strong>\u00a0<\/strong><\/p>\n<p><strong>\u00a0<\/strong><\/p>\n<p><strong>&gt;&gt; Retirado de\u00a0<a href=\"https:\/\/www.ultimato.com.br\/loja\/produtos\/refeicoes-diarias-celebrando-a-reconciliacao\">Refei\u00e7\u00f5es Di\u00e1rias \u2013 Celebrando a Reconcilia\u00e7\u00e3o<\/a>. Editora Ultimato.<\/strong><\/p>\n<p>Ou\u00e7a as nossas devocionais pelo <a href=\"https:\/\/open.spotify.com\/show\/7CG8DL9dgWZEgPzX3rnk51?si=1dbGejI2TQS16eamNjb2rA\">Spotify<\/a>!<\/p>\n","protected":false},"excerpt":{"rendered":"<p>Nos \u00faltimos [tempos], [Deus] tornar\u00e1 glorioso o caminho do mar, al\u00e9m do Jord\u00e3o, Galileia dos gentios. (Isa\u00edas 9.1) Quem disse que o crente n\u00e3o passa \u00e0s vezes por longo e escuro t\u00fanel? Quem\u00a0disse que mesmo o crente n\u00e3o tem medo de trope\u00e7ar na escurid\u00e3o do caminho? O grande segredo, por\u00e9m, \u00e9 que \u201ca luz brilha [&hellip;]<\/p>\n","protected":false},"author":21,"featured_media":161,"comment_status":"open","ping_status":"open","sticky":false,"template":"","format":"standard","meta":{"ngg_post_thumbnail":0,"footnotes":""},"categories":[5478],"tags":[],"class_list":["post-9653","post","type-post","status-publish","format-standard","has-post-thumbnail","hentry","category-elben-cesar"],"publishpress_future_action":{"enabled":false,"date":"2026-05-04 22:01:45","action":"change-status","newStatus":"draft","terms":[],"taxonomy":"category","extraData":[]},"publishpress_future_workflow_manual_trigger":{"enabledWorkflows":[]},"_links":{"self":[{"href":"https:\/\/ultimato.com.br\/sites\/devocional-diaria\/wp-json\/wp\/v2\/posts\/9653","targetHints":{"allow":["GET"]}}],"collection":[{"href":"https:\/\/ultimato.com.br\/sites\/devocional-diaria\/wp-json\/wp\/v2\/posts"}],"about":[{"href":"https:\/\/ultimato.com.br\/sites\/devocional-diaria\/wp-json\/wp\/v2\/types\/post"}],"author":[{"embeddable":true,"href":"https:\/\/ultimato.com.br\/sites\/devocional-diaria\/wp-json\/wp\/v2\/users\/21"}],"replies":[{"embeddable":true,"href":"https:\/\/ultimato.com.br\/sites\/devocional-diaria\/wp-json\/wp\/v2\/comments?post=9653"}],"version-history":[{"count":1,"href":"https:\/\/ultimato.com.br\/sites\/devocional-diaria\/wp-json\/wp\/v2\/posts\/9653\/revisions"}],"predecessor-version":[{"id":9654,"href":"https:\/\/ultimato.com.br\/sites\/devocional-diaria\/wp-json\/wp\/v2\/posts\/9653\/revisions\/9654"}],"wp:featuredmedia":[{"embeddable":true,"href":"https:\/\/ultimato.com.br\/sites\/devocional-diaria\/wp-json\/wp\/v2\/media\/161"}],"wp:attachment":[{"href":"https:\/\/ultimato.com.br\/sites\/devocional-diaria\/wp-json\/wp\/v2\/media?parent=9653"}],"wp:term":[{"taxonomy":"category","embeddable":true,"href":"https:\/\/ultimato.com.br\/sites\/devocional-diaria\/wp-json\/wp\/v2\/categories?post=9653"},{"taxonomy":"post_tag","embeddable":true,"href":"https:\/\/ultimato.com.br\/sites\/devocional-diaria\/wp-json\/wp\/v2\/tags?post=9653"}],"curies":[{"name":"wp","href":"https:\/\/api.w.org\/{rel}","templated":true}]}}