{"id":9649,"date":"2022-05-25T00:00:09","date_gmt":"2022-05-25T02:00:09","guid":{"rendered":"https:\/\/ultimato.com.br\/sites\/devocional-diaria\/?p=9649"},"modified":"2022-05-20T09:50:03","modified_gmt":"2022-05-20T11:50:03","slug":"a-palavra-de-deus","status":"publish","type":"post","link":"https:\/\/ultimato.com.br\/sites\/devocional-diaria\/2022\/05\/25\/autor\/j-i-packer\/a-palavra-de-deus\/","title":{"rendered":"A palavra de Deus"},"content":{"rendered":"<p>Disse Deus: \u201cHaja luz\u201d, e houve luz. (G\u00eanesis 1.3)<\/p>\n<p>Jo\u00e3o inicia seu livro afirmando que Jesus \u00e9 o Filho de Deus, mas o faz com grande cuidado. Ele n\u00e3o traz o termo Filho em nenhuma frase de abertura. Ao inv\u00e9s disso, ele fala primeiro da Palavra.<\/p>\n<p>N\u00e3o havia perigo de ser mal-entendido. Os leitores do Antigo Testamento poderiam compreender a refer\u00eancia imediatamente. A Palavra de Deus no Antigo Testamento era a voz criativa, o poder de Deus em a\u00e7\u00e3o que cumpre o seu prop\u00f3sito. O Antigo Testamento representa a voz de Deus, a declara\u00e7\u00e3o de seu prop\u00f3sito, como tendo poder em si mesmo para efetuar a coisa pretendida. G\u00eanesis 1 fala como, na cria\u00e7\u00e3o, \u201cDeus disse \u2018Haja&#8230;\u2019 e houve&#8230;\u201d (v. 3). \u201cMediante a palavra do Senhor foram feitos os c\u00e9us&#8230; pois ele falou, e tudo se fez\u201d (Sl 33.6, 9). Portanto, a Palavra de Deus \u00e9 Deus em a\u00e7\u00e3o.<\/p>\n<p>Para refletir: \u201cPortanto, a Palavra de Deus \u00e9 Deus em a\u00e7\u00e3o\u201d. O que isto sugere?<\/p>\n<p>&nbsp;<\/p>\n<p><strong>&gt;&gt; Retirado de\u00a0<\/strong><strong><a href=\"https:\/\/www.ultimato.com.br\/loja\/produtos\/conhecendo-a-deus-ao-longo-do-ano\">Conhecendo a Deus ao Longo do Ano<\/a><\/strong><strong> [J. I. Packer]<\/strong><strong>. Editora Ultimato.<\/strong><\/p>\n<p>Ou\u00e7a as nossas devocionais pelo <a href=\"https:\/\/open.spotify.com\/show\/7CG8DL9dgWZEgPzX3rnk51?si=1dbGejI2TQS16eamNjb2rA\">Spotify<\/a>!<\/p>\n","protected":false},"excerpt":{"rendered":"<p>Disse Deus: \u201cHaja luz\u201d, e houve luz. (G\u00eanesis 1.3) Jo\u00e3o inicia seu livro afirmando que Jesus \u00e9 o Filho de Deus, mas o faz com grande cuidado. Ele n\u00e3o traz o termo Filho em nenhuma frase de abertura. Ao inv\u00e9s disso, ele fala primeiro da Palavra. N\u00e3o havia perigo de ser mal-entendido. Os leitores do [&hellip;]<\/p>\n","protected":false},"author":21,"featured_media":163,"comment_status":"open","ping_status":"open","sticky":false,"template":"","format":"standard","meta":{"ngg_post_thumbnail":0,"footnotes":""},"categories":[5655],"tags":[],"class_list":["post-9649","post","type-post","status-publish","format-standard","has-post-thumbnail","hentry","category-j-i-packer"],"publishpress_future_action":{"enabled":false,"date":"2026-05-04 19:10:47","action":"change-status","newStatus":"draft","terms":[],"taxonomy":"category","extraData":[]},"publishpress_future_workflow_manual_trigger":{"enabledWorkflows":[]},"_links":{"self":[{"href":"https:\/\/ultimato.com.br\/sites\/devocional-diaria\/wp-json\/wp\/v2\/posts\/9649","targetHints":{"allow":["GET"]}}],"collection":[{"href":"https:\/\/ultimato.com.br\/sites\/devocional-diaria\/wp-json\/wp\/v2\/posts"}],"about":[{"href":"https:\/\/ultimato.com.br\/sites\/devocional-diaria\/wp-json\/wp\/v2\/types\/post"}],"author":[{"embeddable":true,"href":"https:\/\/ultimato.com.br\/sites\/devocional-diaria\/wp-json\/wp\/v2\/users\/21"}],"replies":[{"embeddable":true,"href":"https:\/\/ultimato.com.br\/sites\/devocional-diaria\/wp-json\/wp\/v2\/comments?post=9649"}],"version-history":[{"count":1,"href":"https:\/\/ultimato.com.br\/sites\/devocional-diaria\/wp-json\/wp\/v2\/posts\/9649\/revisions"}],"predecessor-version":[{"id":9650,"href":"https:\/\/ultimato.com.br\/sites\/devocional-diaria\/wp-json\/wp\/v2\/posts\/9649\/revisions\/9650"}],"wp:featuredmedia":[{"embeddable":true,"href":"https:\/\/ultimato.com.br\/sites\/devocional-diaria\/wp-json\/wp\/v2\/media\/163"}],"wp:attachment":[{"href":"https:\/\/ultimato.com.br\/sites\/devocional-diaria\/wp-json\/wp\/v2\/media?parent=9649"}],"wp:term":[{"taxonomy":"category","embeddable":true,"href":"https:\/\/ultimato.com.br\/sites\/devocional-diaria\/wp-json\/wp\/v2\/categories?post=9649"},{"taxonomy":"post_tag","embeddable":true,"href":"https:\/\/ultimato.com.br\/sites\/devocional-diaria\/wp-json\/wp\/v2\/tags?post=9649"}],"curies":[{"name":"wp","href":"https:\/\/api.w.org\/{rel}","templated":true}]}}